{"id":10610,"date":"2025-08-22T00:14:27","date_gmt":"2025-08-22T05:14:27","guid":{"rendered":"https:\/\/cartagenaaldia.com\/?p=10610"},"modified":"2025-08-22T00:14:53","modified_gmt":"2025-08-22T05:14:53","slug":"camacol-propone-politicas-innovadoras-de-vivienda-para-proximos-candidatos-presidenciales","status":"publish","type":"post","link":"https:\/\/cartagenaaldia.com\/index.php\/2025\/08\/22\/camacol-propone-politicas-innovadoras-de-vivienda-para-proximos-candidatos-presidenciales\/","title":{"rendered":"Camacol propone pol\u00edticas innovadoras de vivienda para pr\u00f3ximos candidatos presidenciales"},"content":{"rendered":"\n<p><strong>El gremio de la construcci\u00f3n plantea un ambicioso plan sostenible y econ\u00f3mico de vivienda en Colombia<\/strong><\/p>\n\n\n\n<p>La <strong>C\u00e1mara Colombiana de la Construcci\u00f3n (Camacol)<\/strong>, bajo la direcci\u00f3n de su presidente ejecutivo Guillermo Herrera, anunci\u00f3 un paquete de propuestas estrat\u00e9gicas que ser\u00e1n presentadas a los m\u00e1s de 60 precandidatos y candidatos a la Presidencia de la Rep\u00fablica. Estas pol\u00edticas buscan responder a los desaf\u00edos actuales del pa\u00eds en materia de vivienda, financiaci\u00f3n y sostenibilidad.<\/p>\n\n\n\n<p>Herrera record\u00f3 que desde <strong>octubre de 2024<\/strong>, Camacol estableci\u00f3 una <strong>alianza con gremios clave como Asobancaria y Asocajas<\/strong>. Este trabajo conjunto ha permitido elaborar iniciativas concretas en diferentes frentes para el sector de la construcci\u00f3n y la pol\u00edtica de vivienda.<\/p>\n\n\n\n<p>Uno de los puntos centrales es la <strong>reactivaci\u00f3n del programa &#8220;Mi Casa Ya&#8221;<\/strong>, considerado fundamental para los hogares de menores ingresos. Seg\u00fan el dirigente, el reto consiste en hacer este mecanismo <strong>m\u00e1s eficiente<\/strong>, considerando el delicado panorama fiscal que dejar\u00e1 la actual administraci\u00f3n.<\/p>\n\n\n\n<p>Otro eje relevante es el <strong>acceso al cr\u00e9dito<\/strong>. Camacol propone mejorar las condiciones para que m\u00e1s familias puedan adquirir vivienda propia, al tiempo que se fortalecen los <strong>subsidios de cajas de compensaci\u00f3n y entidades territoriales<\/strong>. En esta l\u00ednea, se busca incorporar nuevas fuentes de financiaci\u00f3n, incluyendo <strong>recursos de regal\u00edas y cr\u00e9ditos fiscales<\/strong>, como ya ocurre en pa\u00edses de Am\u00e9rica Latina.<\/p>\n\n\n\n<p>En materia ambiental, Herrera destac\u00f3 que <strong>Colombia es l\u00edder mundial en edificaciones sostenibles<\/strong> certificadas con el sello Edge del Banco Mundial. Por ello, la propuesta tambi\u00e9n prioriza la construcci\u00f3n verde, consolidando al pa\u00eds como referente internacional en este campo.<\/p>\n\n\n\n<p>El gremio no se limita a la vivienda tradicional. Herrera subray\u00f3 el potencial del modelo <strong>Multifamily<\/strong>, enfocado en el arrendamiento especializado, un esquema atractivo en un pa\u00eds donde <strong>casi la mitad de los hogares vive en arriendo<\/strong>.<\/p>\n\n\n\n<p>Asimismo, resalt\u00f3 el papel de las <strong>remesas internacionales<\/strong>, que superan los <strong>12 mil millones de d\u00f3lares anuales<\/strong>, como fuente para fortalecer la inversi\u00f3n en vivienda de calidad. Departamentos como <strong>Quind\u00edo, Bol\u00edvar y Magdalena<\/strong> ya destinan entre el 20 % y el 25 % de sus ventas a compradores en el exterior.<\/p>\n\n\n\n<p>Finalmente, Camacol tambi\u00e9n pone sobre la mesa la necesidad de adaptar la pol\u00edtica de vivienda al <strong>envejecimiento poblacional<\/strong>. Con menos j\u00f3venes y m\u00e1s adultos mayores, los proyectos habitacionales deber\u00e1n responder a nuevas necesidades asociadas al retiro y la jubilaci\u00f3n.<\/p>\n\n\n\n<p>Con estas propuestas, el gremio busca que la pr\u00f3xima administraci\u00f3n no solo promueva el crecimiento del sector, sino que tambi\u00e9n garantice un <strong>acceso digno y sostenible a la vivienda para millones de colombianos<\/strong>.<\/p>\n\n\n\n<figure class=\"wp-block-embed is-type-video is-provider-youtube wp-block-embed-youtube wp-embed-aspect-4-3 wp-has-aspect-ratio\"><div class=\"wp-block-embed__wrapper\">\n<iframe title=\"Camacol revela propuestas de vivienda sostenibles\" width=\"500\" height=\"375\" src=\"https:\/\/www.youtube.com\/embed\/QOkjEVW9PxY?feature=oembed\" frameborder=\"0\" allow=\"accelerometer; autoplay; clipboard-write; encrypted-media; gyroscope; picture-in-picture; web-share\" referrerpolicy=\"strict-origin-when-cross-origin\" allowfullscreen><\/iframe>\n<\/div><\/figure>\n","protected":false},"excerpt":{"rendered":"<p>El gremio de la construcci\u00f3n plantea un ambicioso plan sostenible y econ\u00f3mico de vivienda en Colombia<\/p>\n","protected":false},"author":2,"featured_media":10611,"comment_status":"closed","ping_status":"closed","sticky":false,"template":"","format":"standard","meta":{"om_disable_all_campaigns":false,"_monsterinsights_skip_tracking":false,"_monsterinsights_sitenote_active":false,"_monsterinsights_sitenote_note":"","_monsterinsights_sitenote_category":0,"footnotes":""},"categories":[115,103,102],"tags":[213,214,870,160],"class_list":["post-10610","post","type-post","status-publish","format-standard","has-post-thumbnail","hentry","category-colombia","category-economia","category-generales","tag-camacol","tag-camacol-bolivar","tag-guillermo-herrera","tag-podcast"],"_links":{"self":[{"href":"https:\/\/cartagenaaldia.com\/index.php\/wp-json\/wp\/v2\/posts\/10610","targetHints":{"allow":["GET"]}}],"collection":[{"href":"https:\/\/cartagenaaldia.com\/index.php\/wp-json\/wp\/v2\/posts"}],"about":[{"href":"https:\/\/cartagenaaldia.com\/index.php\/wp-json\/wp\/v2\/types\/post"}],"author":[{"embeddable":true,"href":"https:\/\/cartagenaaldia.com\/index.php\/wp-json\/wp\/v2\/users\/2"}],"replies":[{"embeddable":true,"href":"https:\/\/cartagenaaldia.com\/index.php\/wp-json\/wp\/v2\/comments?post=10610"}],"version-history":[{"count":1,"href":"https:\/\/cartagenaaldia.com\/index.php\/wp-json\/wp\/v2\/posts\/10610\/revisions"}],"predecessor-version":[{"id":10612,"href":"https:\/\/cartagenaaldia.com\/index.php\/wp-json\/wp\/v2\/posts\/10610\/revisions\/10612"}],"wp:featuredmedia":[{"embeddable":true,"href":"https:\/\/cartagenaaldia.com\/index.php\/wp-json\/wp\/v2\/media\/10611"}],"wp:attachment":[{"href":"https:\/\/cartagenaaldia.com\/index.php\/wp-json\/wp\/v2\/media?parent=10610"}],"wp:term":[{"taxonomy":"category","embeddable":true,"href":"https:\/\/cartagenaaldia.com\/index.php\/wp-json\/wp\/v2\/categories?post=10610"},{"taxonomy":"post_tag","embeddable":true,"href":"https:\/\/cartagenaaldia.com\/index.php\/wp-json\/wp\/v2\/tags?post=10610"}],"curies":[{"name":"wp","href":"https:\/\/api.w.org\/{rel}","templated":true}]}}