{"id":10602,"date":"2025-08-21T23:29:19","date_gmt":"2025-08-22T04:29:19","guid":{"rendered":"https:\/\/cartagenaaldia.com\/?p=10602"},"modified":"2025-08-21T23:29:19","modified_gmt":"2025-08-22T04:29:19","slug":"camacol-responsabiliza-a-gustavo-petro-por-crisis-en-vivienda-de-interes-social","status":"publish","type":"post","link":"https:\/\/cartagenaaldia.com\/index.php\/2025\/08\/21\/camacol-responsabiliza-a-gustavo-petro-por-crisis-en-vivienda-de-interes-social\/","title":{"rendered":"Camacol responsabiliza a Gustavo Petro por crisis en vivienda de inter\u00e9s social"},"content":{"rendered":"\n<p><strong>El gremio denuncia perjudicial ausencia de pol\u00edtica de vivienda que afecta a familias pobres y al sector construcci\u00f3n<\/strong><\/p>\n\n\n\n<p>El presidente ejecutivo de <strong>Camacol Colombia, Guillermo Herrera<\/strong>, lanz\u00f3 fuertes cr\u00edticas al gobierno del presidente Gustavo Petro, se\u00f1alando que las <strong>malas decisiones de pol\u00edtica p\u00fablica en materia de vivienda<\/strong> han generado graves consecuencias en la econom\u00eda, en el empleo y, sobre todo, en la calidad de vida de miles de familias de bajos ingresos.<\/p>\n\n\n\n<p>De acuerdo con Herrera, aunque las ventas en el sector de la construcci\u00f3n crecieron un <strong>9 % en los primeros siete meses del a\u00f1o<\/strong>, este comportamiento no obedece a una pol\u00edtica s\u00f3lida, sino a un \u201cefecto rebote\u201d impulsado por las tasas de inter\u00e9s que actualmente se encuentran en niveles m\u00e1s bajos.<\/p>\n\n\n\n<p>No obstante, el dirigente gremial aclar\u00f3 que <strong>el verdadero problema radica en la falta de una pol\u00edtica de vivienda clara<\/strong>. A su juicio, las decisiones del actual gobierno han afectado directamente a los hogares m\u00e1s pobres del pa\u00eds y han frenado la din\u00e1mica de un sector que es clave para la econom\u00eda nacional.<\/p>\n\n\n\n<p>Entre los principales se\u00f1alamientos, Herrera record\u00f3 la <strong>suspensi\u00f3n del programa \u201cMi Casa Ya\u201d<\/strong>, medida que dej\u00f3 en el limbo a m\u00e1s de <strong>70 mil familias<\/strong> que esperaban acceder a un subsidio para adquirir vivienda. Seg\u00fan el presidente de Camacol, muchas de estas familias terminaron pagando cr\u00e9ditos m\u00e1s costosos debido a la p\u00e9rdida de la cobertura en la tasa de inter\u00e9s.<\/p>\n\n\n\n<p>\u201c<strong>A la vivienda le va mal en el gobierno del presidente Petro, pero no le va mal por las tasas. Le va mal por la ausencia de pol\u00edtica de vivienda, que va en detrimento de los intereses de los hogares m\u00e1s pobres<\/strong>\u201d, afirm\u00f3 Herrera con contundencia.<\/p>\n\n\n\n<p>El ejecutivo tambi\u00e9n advirti\u00f3 que esta situaci\u00f3n no solo golpea a los beneficiarios directos de los programas, sino que <strong>impacta negativamente en la inversi\u00f3n privada y en el empleo dentro del sector de la construcci\u00f3n<\/strong>, uno de los motores hist\u00f3ricos de la econom\u00eda colombiana.<\/p>\n\n\n\n<p>En su an\u00e1lisis, insisti\u00f3 en que la <strong>ausencia de lineamientos claros en pol\u00edtica habitacional frena la reactivaci\u00f3n del mercado<\/strong>. El crecimiento del 9 % observado no es suficiente para compensar el da\u00f1o generado por la suspensi\u00f3n de subsidios y por la falta de incentivos que estimulen nuevas inversiones en vivienda de inter\u00e9s social.<\/p>\n\n\n\n<p>Adem\u00e1s, Herrera enfatiz\u00f3 que <strong>el impacto trasciende lo econ\u00f3mico<\/strong>. La crisis en la pol\u00edtica de vivienda afecta la confianza de los hogares, desincentiva el ahorro y limita la posibilidad de que las familias de menores ingresos puedan proyectar un futuro con mayor estabilidad.<\/p>\n\n\n\n<p>Finalmente, el presidente de Camacol reiter\u00f3 que <strong>el pa\u00eds necesita una estrategia coherente y de largo plazo en materia habitacional<\/strong>. Esta debe contemplar subsidios, incentivos para la inversi\u00f3n y medidas que aseguren el acceso a vivienda digna para los sectores m\u00e1s vulnerables.<\/p>\n\n\n\n<p>El remate de su declaraci\u00f3n fue claro: \u201cNo se trata solo de cifras de ventas o de tasas de inter\u00e9s. Se trata del bienestar de las familias, de la generaci\u00f3n de empleo y de la sostenibilidad de un sector que mueve la econom\u00eda nacional\u201d.<\/p>\n\n\n\n<p>Con estas palabras, el gremio de la construcci\u00f3n <strong>reafirma su llamado al gobierno nacional<\/strong> para replantear las decisiones tomadas hasta ahora y dise\u00f1ar pol\u00edticas que no castiguen a los m\u00e1s pobres, sino que <strong>abran la puerta a m\u00e1s oportunidades de vivienda, empleo e inversi\u00f3n privada en Colombia<\/strong>.<\/p>\n\n\n\n<figure class=\"wp-block-embed is-type-video is-provider-youtube wp-block-embed-youtube wp-embed-aspect-4-3 wp-has-aspect-ratio\"><div class=\"wp-block-embed__wrapper\">\n<iframe title=\"Camacol critica perjudicial pol\u00edtica de vivienda\" width=\"500\" height=\"375\" src=\"https:\/\/www.youtube.com\/embed\/_mgXv4xgS2o?feature=oembed\" frameborder=\"0\" allow=\"accelerometer; autoplay; clipboard-write; encrypted-media; gyroscope; picture-in-picture; web-share\" referrerpolicy=\"strict-origin-when-cross-origin\" allowfullscreen><\/iframe>\n<\/div><\/figure>\n","protected":false},"excerpt":{"rendered":"<p>El gremio denuncia perjudicial ausencia de pol\u00edtica de vivienda que afecta a familias pobres y al sector construcci\u00f3n<\/p>\n","protected":false},"author":2,"featured_media":10604,"comment_status":"closed","ping_status":"closed","sticky":false,"template":"","format":"standard","meta":{"om_disable_all_campaigns":false,"_monsterinsights_skip_tracking":false,"_monsterinsights_sitenote_active":false,"_monsterinsights_sitenote_note":"","_monsterinsights_sitenote_category":0,"footnotes":""},"categories":[115,103,102],"tags":[213,214,870],"class_list":["post-10602","post","type-post","status-publish","format-standard","has-post-thumbnail","hentry","category-colombia","category-economia","category-generales","tag-camacol","tag-camacol-bolivar","tag-guillermo-herrera"],"_links":{"self":[{"href":"https:\/\/cartagenaaldia.com\/index.php\/wp-json\/wp\/v2\/posts\/10602","targetHints":{"allow":["GET"]}}],"collection":[{"href":"https:\/\/cartagenaaldia.com\/index.php\/wp-json\/wp\/v2\/posts"}],"about":[{"href":"https:\/\/cartagenaaldia.com\/index.php\/wp-json\/wp\/v2\/types\/post"}],"author":[{"embeddable":true,"href":"https:\/\/cartagenaaldia.com\/index.php\/wp-json\/wp\/v2\/users\/2"}],"replies":[{"embeddable":true,"href":"https:\/\/cartagenaaldia.com\/index.php\/wp-json\/wp\/v2\/comments?post=10602"}],"version-history":[{"count":2,"href":"https:\/\/cartagenaaldia.com\/index.php\/wp-json\/wp\/v2\/posts\/10602\/revisions"}],"predecessor-version":[{"id":10605,"href":"https:\/\/cartagenaaldia.com\/index.php\/wp-json\/wp\/v2\/posts\/10602\/revisions\/10605"}],"wp:featuredmedia":[{"embeddable":true,"href":"https:\/\/cartagenaaldia.com\/index.php\/wp-json\/wp\/v2\/media\/10604"}],"wp:attachment":[{"href":"https:\/\/cartagenaaldia.com\/index.php\/wp-json\/wp\/v2\/media?parent=10602"}],"wp:term":[{"taxonomy":"category","embeddable":true,"href":"https:\/\/cartagenaaldia.com\/index.php\/wp-json\/wp\/v2\/categories?post=10602"},{"taxonomy":"post_tag","embeddable":true,"href":"https:\/\/cartagenaaldia.com\/index.php\/wp-json\/wp\/v2\/tags?post=10602"}],"curies":[{"name":"wp","href":"https:\/\/api.w.org\/{rel}","templated":true}]}}