{"id":10519,"date":"2025-08-11T23:25:29","date_gmt":"2025-08-12T04:25:29","guid":{"rendered":"https:\/\/cartagenaaldia.com\/?p=10519"},"modified":"2025-08-11T23:25:30","modified_gmt":"2025-08-12T04:25:30","slug":"andi-ajusta-agenda-del-congreso-empresarial-por-fallecimiento-de-miguel-uribe-turbay","status":"publish","type":"post","link":"https:\/\/cartagenaaldia.com\/index.php\/2025\/08\/11\/andi-ajusta-agenda-del-congreso-empresarial-por-fallecimiento-de-miguel-uribe-turbay\/","title":{"rendered":"ANDI ajusta agenda del Congreso Empresarial por fallecimiento de Miguel Uribe Turbay"},"content":{"rendered":"\n<p>La Asociaci\u00f3n Nacional de Empresarios de Colombia (ANDI) y su Junta de Direcci\u00f3n General anunciaron importantes cambios en la agenda del D\u00e9cimo Congreso Empresarial Colombiano \u2013 CEC 2025, en un gesto de solidaridad y respeto por el fallecimiento del senador Miguel Uribe Turbay.<\/p>\n\n\n\n<p><br>En memoria del dirigente pol\u00edtico, la ANDI inform\u00f3 que el mi\u00e9rcoles 13 de agosto se transmitir\u00e1 en el recinto del Congreso la misa solemne que tendr\u00e1 lugar en la Catedral Primada de Bogot\u00e1 a las 12:00 del mediod\u00eda, posterior a la asamblea privada de la Asociaci\u00f3n.<\/p>\n\n\n\n<p><br>De acuerdo con el comunicado oficial, el inicio del Congreso Empresarial Colombiano se realizar\u00e1 a partir de las 4:00 de la tarde del mi\u00e9rcoles. Asimismo, no se llevar\u00e1n a cabo eventos sociales en el marco del encuentro, manteni\u00e9ndose la agenda acad\u00e9mica con una excepci\u00f3n: el conversatorio de precandidatos, programado originalmente para la tarde del mi\u00e9rcoles, ser\u00e1 reprogramado para el jueves y viernes.<\/p>\n\n\n\n<p><br>En Cartagena, el jueves 14 de agosto a las 7:00 de la noche, se oficiar\u00e1 una misa solemne en memoria de Miguel Uribe Turbay, permitiendo que los asistentes al CEC 2025 puedan participar y rendir un homenaje colectivo.<\/p>\n\n\n\n<p><br>La ANDI expres\u00f3 su profunda solidaridad en este momento tan triste para la sociedad colombiana y la democracia, recordando que la partida de Miguel Uribe Turbay debe invitar a la reflexi\u00f3n nacional. \u201cEsta p\u00e9rdida nos recuerda la urgente necesidad de encontrarnos y unirnos como pa\u00eds, y justifica el deber que tenemos de poner fin a la violencia, construir una naci\u00f3n en paz y garantizar el respeto por los derechos humanos\u201d, manifest\u00f3 la entidad.<\/p>\n\n\n\n<p><br>Este cambio de programaci\u00f3n no solo responde a un acto de duelo, sino que tambi\u00e9n refleja el compromiso de los empresarios con los valores democr\u00e1ticos y con la importancia de promover espacios de di\u00e1logo que fortalezcan la cohesi\u00f3n social.<\/p>\n\n\n\n<p><br>El CEC 2025, considerado uno de los encuentros m\u00e1s importantes del sector empresarial colombiano, continuar\u00e1 desarrollando sus actividades acad\u00e9micas con la participaci\u00f3n de l\u00edderes, empresarios y autoridades, pero en un ambiente de respeto y sobriedad acorde con las circunstancias.<\/p>\n\n\n\n<p>La modificaci\u00f3n de la agenda del Congreso Empresarial Colombiano y la realizaci\u00f3n de actos lit\u00fargicos en memoria de Miguel Uribe Turbay son un recordatorio de que, incluso en los escenarios econ\u00f3micos y empresariales, la unidad y la paz nacional son ejes fundamentales para el futuro del pa\u00eds.<\/p>\n\n\n\n<div class=\"wp-block-media-text is-stacked-on-mobile is-vertically-aligned-center\"><figure  class=\"wp-block-media-text__media\"><img fetchpriority=\"high\" decoding=\"async\" width=\"1200\" height=\"750\" alt=\"\" src=\"https:\/\/cartagenaaldia.com\/wp-content\/uploads\/2025\/08\/Andi-Congreso-Luto.webp\" class=\"wp-image-10522 size-full\"><\/figure><div class=\"wp-block-media-text__content\">\n<p><strong>CEC 2025 modifica agenda por luto <\/strong>La ANDI anunci\u00f3 que el Congreso Empresarial Colombiano 2025 en Cartagena ajustar\u00e1 su programaci\u00f3n por el fallecimiento del senador Miguel Uribe Turbay. Se transmitir\u00e1n misas solemnes en Bogot\u00e1 y Cartagena, se reprogramar\u00e1 el conversatorio de precandidatos y no se realizar\u00e1n eventos sociales en se\u00f1al de respeto.<\/p>\n<\/div><\/div>\n","protected":false},"excerpt":{"rendered":"<p>En un gesto solidario, la ANDI modifica actividades del CEC 2025 y honra al senador fallecido<\/p>\n","protected":false},"author":2,"featured_media":10522,"comment_status":"closed","ping_status":"closed","sticky":false,"template":"","format":"standard","meta":{"om_disable_all_campaigns":false,"_monsterinsights_skip_tracking":false,"_monsterinsights_sitenote_active":false,"_monsterinsights_sitenote_note":"","_monsterinsights_sitenote_category":0,"footnotes":""},"categories":[115,103,102,105],"tags":[222],"class_list":["post-10519","post","type-post","status-publish","format-standard","has-post-thumbnail","hentry","category-colombia","category-economia","category-generales","category-politica","tag-andi"],"_links":{"self":[{"href":"https:\/\/cartagenaaldia.com\/index.php\/wp-json\/wp\/v2\/posts\/10519","targetHints":{"allow":["GET"]}}],"collection":[{"href":"https:\/\/cartagenaaldia.com\/index.php\/wp-json\/wp\/v2\/posts"}],"about":[{"href":"https:\/\/cartagenaaldia.com\/index.php\/wp-json\/wp\/v2\/types\/post"}],"author":[{"embeddable":true,"href":"https:\/\/cartagenaaldia.com\/index.php\/wp-json\/wp\/v2\/users\/2"}],"replies":[{"embeddable":true,"href":"https:\/\/cartagenaaldia.com\/index.php\/wp-json\/wp\/v2\/comments?post=10519"}],"version-history":[{"count":2,"href":"https:\/\/cartagenaaldia.com\/index.php\/wp-json\/wp\/v2\/posts\/10519\/revisions"}],"predecessor-version":[{"id":10521,"href":"https:\/\/cartagenaaldia.com\/index.php\/wp-json\/wp\/v2\/posts\/10519\/revisions\/10521"}],"wp:featuredmedia":[{"embeddable":true,"href":"https:\/\/cartagenaaldia.com\/index.php\/wp-json\/wp\/v2\/media\/10522"}],"wp:attachment":[{"href":"https:\/\/cartagenaaldia.com\/index.php\/wp-json\/wp\/v2\/media?parent=10519"}],"wp:term":[{"taxonomy":"category","embeddable":true,"href":"https:\/\/cartagenaaldia.com\/index.php\/wp-json\/wp\/v2\/categories?post=10519"},{"taxonomy":"post_tag","embeddable":true,"href":"https:\/\/cartagenaaldia.com\/index.php\/wp-json\/wp\/v2\/tags?post=10519"}],"curies":[{"name":"wp","href":"https:\/\/api.w.org\/{rel}","templated":true}]}}