{"id":10511,"date":"2025-08-10T14:22:59","date_gmt":"2025-08-10T19:22:59","guid":{"rendered":"https:\/\/cartagenaaldia.com\/?p=10511"},"modified":"2025-08-10T14:22:59","modified_gmt":"2025-08-10T19:22:59","slug":"reparacion-de-tuberia-en-henequen-restablece-suministro-de-agua-en-cartagena","status":"publish","type":"post","link":"https:\/\/cartagenaaldia.com\/index.php\/2025\/08\/10\/reparacion-de-tuberia-en-henequen-restablece-suministro-de-agua-en-cartagena\/","title":{"rendered":"Reparaci\u00f3n de tuber\u00eda en Henequ\u00e9n restablece suministro de agua en Cartagena"},"content":{"rendered":"\n<p>Aguas de Cartagena inform\u00f3 que finaliz\u00f3 con \u00e9xito las <strong>obras de reparaci\u00f3n del tramo de tuber\u00eda<\/strong> ubicado en el barrio <strong>Henequ\u00e9n<\/strong>, el cual transporta agua cruda desde la Estaci\u00f3n de Bombeo <strong>Albornoz<\/strong> hasta la planta de potabilizaci\u00f3n <strong>El Bosque<\/strong>.<\/p>\n\n\n\n<p>La intervenci\u00f3n se llev\u00f3 a cabo tras una afectaci\u00f3n que provoc\u00f3 la <strong>suspensi\u00f3n temporal del servicio de acueducto<\/strong> en aproximadamente el 40% de la ciudad. Gracias a la oportuna activaci\u00f3n del <strong>Plan de Contingencia<\/strong>, la empresa logr\u00f3 minimizar el impacto para los usuarios.<\/p>\n\n\n\n<p>De manera inmediata, <strong>personal t\u00e9cnico especializado<\/strong> fue desplazado al lugar con maquinaria y equipos necesarios para realizar los trabajos de manera <strong>continua y segura<\/strong>. Esta acci\u00f3n permiti\u00f3 avanzar sin interrupciones hasta completar la reparaci\u00f3n, garantizando as\u00ed la integridad de la infraestructura y la calidad del agua que llega a los hogares cartageneros.<\/p>\n\n\n\n<p>Con la conclusi\u00f3n de las obras, <strong>inici\u00f3 el restablecimiento del suministro de agua potable<\/strong>, un proceso que se reflejar\u00e1 de forma gradual en los barrios afectados. Aguas de Cartagena reiter\u00f3 que se mantendr\u00e1 vigilante para asegurar la <strong>continuidad y calidad del servicio<\/strong>, cumpliendo con los est\u00e1ndares exigidos para el consumo humano.<\/p>\n\n\n\n<p>La empresa destac\u00f3 que la r\u00e1pida reacci\u00f3n fue posible gracias a la preparaci\u00f3n de su equipo t\u00e9cnico y a la coordinaci\u00f3n de recursos, lo que evit\u00f3 un impacto mayor en la comunidad. Adem\u00e1s, se record\u00f3 a los usuarios la importancia de hacer un uso responsable del agua durante las fases de restablecimiento, especialmente en zonas que apenas recuperan el servicio.<\/p>\n\n\n\n<p>El <strong>Plan de Contingencia<\/strong> incluy\u00f3 la redistribuci\u00f3n temporal de agua desde sectores no afectados, as\u00ed como la coordinaci\u00f3n con autoridades locales para atender puntos cr\u00edticos de abastecimiento. Esto permiti\u00f3 que hospitales, centros educativos y zonas prioritarias contaran con el recurso mientras se adelantaban los trabajos.<\/p>\n\n\n\n<p>La culminaci\u00f3n de esta reparaci\u00f3n representa no solo la soluci\u00f3n a una contingencia puntual, sino tambi\u00e9n un recordatorio de la relevancia de <strong>invertir en mantenimiento preventivo<\/strong> de la red de acueducto. Con acciones como esta, Aguas de Cartagena reafirma su compromiso de ofrecer un servicio confiable y seguro, protegiendo el bienestar de la ciudadan\u00eda y asegurando la sostenibilidad del recurso h\u00eddrico en la ciudad.<\/p>\n\n\n\n<div class=\"wp-block-media-text is-stacked-on-mobile is-vertically-aligned-center\"><figure  class=\"wp-block-media-text__media\"><img fetchpriority=\"high\" decoding=\"async\" width=\"1200\" height=\"750\" alt=\"\" src=\"https:\/\/cartagenaaldia.com\/wp-content\/uploads\/2025\/08\/Aguas-Cartagena-Dano-Henequen.webp\" class=\"wp-image-10517 size-full\"><\/figure><div class=\"wp-block-media-text__content\">\n<p>R\u00e1pida reparaci\u00f3n restablece agua potable<\/p>\n\n\n\n<p>En Cartagena, Aguas de Cartagena culmin\u00f3 con \u00e9xito la reparaci\u00f3n de una tuber\u00eda en el barrio Henequ\u00e9n, que afectaba al 40% de la ciudad. Tras activar su Plan de Contingencia, inici\u00f3 el restablecimiento gradual del servicio, garantizando agua potable continua y segura para todos los sectores comprometidos.<\/p>\n<\/div><\/div>\n","protected":false},"excerpt":{"rendered":"<p>Aguas de Cartagena culmina importante reparaci\u00f3n garantizando agua potable continua y segura para miles de usuarios<\/p>\n","protected":false},"author":2,"featured_media":10517,"comment_status":"closed","ping_status":"closed","sticky":false,"template":"","format":"standard","meta":{"om_disable_all_campaigns":false,"_monsterinsights_skip_tracking":false,"_monsterinsights_sitenote_active":false,"_monsterinsights_sitenote_note":"","_monsterinsights_sitenote_category":0,"footnotes":""},"categories":[110,102],"tags":[247,248],"class_list":["post-10511","post","type-post","status-publish","format-standard","has-post-thumbnail","hentry","category-bolivar","category-generales","tag-acuacar","tag-aguas-de-cartagena"],"_links":{"self":[{"href":"https:\/\/cartagenaaldia.com\/index.php\/wp-json\/wp\/v2\/posts\/10511","targetHints":{"allow":["GET"]}}],"collection":[{"href":"https:\/\/cartagenaaldia.com\/index.php\/wp-json\/wp\/v2\/posts"}],"about":[{"href":"https:\/\/cartagenaaldia.com\/index.php\/wp-json\/wp\/v2\/types\/post"}],"author":[{"embeddable":true,"href":"https:\/\/cartagenaaldia.com\/index.php\/wp-json\/wp\/v2\/users\/2"}],"replies":[{"embeddable":true,"href":"https:\/\/cartagenaaldia.com\/index.php\/wp-json\/wp\/v2\/comments?post=10511"}],"version-history":[{"count":6,"href":"https:\/\/cartagenaaldia.com\/index.php\/wp-json\/wp\/v2\/posts\/10511\/revisions"}],"predecessor-version":[{"id":10518,"href":"https:\/\/cartagenaaldia.com\/index.php\/wp-json\/wp\/v2\/posts\/10511\/revisions\/10518"}],"wp:featuredmedia":[{"embeddable":true,"href":"https:\/\/cartagenaaldia.com\/index.php\/wp-json\/wp\/v2\/media\/10517"}],"wp:attachment":[{"href":"https:\/\/cartagenaaldia.com\/index.php\/wp-json\/wp\/v2\/media?parent=10511"}],"wp:term":[{"taxonomy":"category","embeddable":true,"href":"https:\/\/cartagenaaldia.com\/index.php\/wp-json\/wp\/v2\/categories?post=10511"},{"taxonomy":"post_tag","embeddable":true,"href":"https:\/\/cartagenaaldia.com\/index.php\/wp-json\/wp\/v2\/tags?post=10511"}],"curies":[{"name":"wp","href":"https:\/\/api.w.org\/{rel}","templated":true}]}}