{"id":10506,"date":"2025-08-09T18:28:56","date_gmt":"2025-08-09T23:28:56","guid":{"rendered":"https:\/\/cartagenaaldia.com\/?p=10506"},"modified":"2025-08-09T18:28:56","modified_gmt":"2025-08-09T23:28:56","slug":"cartagena-celebra-expo-indigena-con-tres-pueblos-y-riqueza-cultural-ancestral","status":"publish","type":"post","link":"https:\/\/cartagenaaldia.com\/index.php\/2025\/08\/09\/cartagena-celebra-expo-indigena-con-tres-pueblos-y-riqueza-cultural-ancestral\/","title":{"rendered":"Cartagena celebra Expo Ind\u00edgena con tres pueblos y riqueza cultural ancestral"},"content":{"rendered":"\n<p>La <strong>ciudad de Cartagena de Indias<\/strong>, a trav\u00e9s de la Alcald\u00eda Distrital, organiz\u00f3 la <strong>Expo Ind\u00edgena: Tres pueblos, un territorio<\/strong>, un evento que re\u00fane a las comunidades ind\u00edgenas Inga, Cancuamo y Sen\u00fa, distribuidas en seis cabildos, para exponer su riqueza cultural y productiva.<\/p>\n\n\n\n<p>Seg\u00fan <strong>Mar\u00eda Torres<\/strong>, asesora de asuntos \u00e9tnicos, la iniciativa nace <strong>\u201cpor la necesidad de dignificar los derechos de las comunidades negras, afrocolombianas, raizales, palenqueras e ind\u00edgenas\u201d<\/strong>, y forma parte de la conmemoraci\u00f3n del <strong>D\u00eda Internacional de los Pueblos Ind\u00edgenas<\/strong>, que se celebra cada 9 de agosto.<\/p>\n\n\n\n<p>Desde el <strong>21 de julio<\/strong>, Cartagena ha desarrollado una agenda especial con actividades como Tejiendo saberes ancestrales en instituciones etnoeducativas y educativas, la campa\u00f1a Cartagena reconoce sus ra\u00edces en estaciones de Trascaribe, y la iniciativa Manos que siembran memoria en centros de adultos mayores. Estas acciones han buscado <strong>fortalecer la identidad cultural y visibilizar el aporte hist\u00f3rico y social de las comunidades ind\u00edgenas<\/strong>.<\/p>\n\n\n\n<p>La jornada de hoy, que se extiende desde las <strong>11:00 a.m. hasta las 7:00 p.m.<\/strong>, ofrece a locales y visitantes <strong>muestras artesanales, presentaciones culturales y un conversatorio con los seis capitanes de cabildo<\/strong>. Este espacio busca acercar a la ciudadan\u00eda a las tradiciones, costumbres y conocimientos ancestrales que han permanecido vivos a trav\u00e9s de generaciones.<\/p>\n\n\n\n<p><strong>\u201cHoy cerramos con Expo Ind\u00edgena. Tres pueblos, un territorio. \u00bfPor qu\u00e9 tres pueblos? Porque en Cartagena encontramos el pueblo Inga, el pueblo Cancuamo y el pueblo Sen\u00fa. Estos est\u00e1n distribuidos en seis cabildos, que hoy est\u00e1n aqu\u00ed mostrando sus emprendimientos y buscando que toda Cartagena conozca que es una ciudad pluri\u00e9tnica y multicultural\u201d<\/strong>, explic\u00f3 Torres.<\/p>\n\n\n\n<p>El evento no solo es un escenario de <strong>intercambio cultural<\/strong>, sino tambi\u00e9n una plataforma para que los artesanos y emprendedores ind\u00edgenas fortalezcan sus iniciativas econ\u00f3micas, posicionando productos que representan su cosmovisi\u00f3n y saberes tradicionales.<\/p>\n\n\n\n<p>Cartagena, reconocida por su riqueza hist\u00f3rica y tur\u00edstica, reafirma as\u00ed su <strong>compromiso con la inclusi\u00f3n y la preservaci\u00f3n de su diversidad \u00e9tnica<\/strong>. La Expo Ind\u00edgena se convierte en un recordatorio de que la identidad cartagenera es el resultado de un <strong>tejido cultural plural<\/strong>, donde convergen ra\u00edces ind\u00edgenas, africanas y europeas.<\/p>\n\n\n\n<p>En un contexto en el que las ciudades tienden a homogeneizar sus expresiones culturales, <strong>espacios como este son vitales para salvaguardar el patrimonio inmaterial<\/strong>. La participaci\u00f3n de los cabildos ind\u00edgenas no solo enriquece el presente, sino que proyecta un futuro en el que las tradiciones puedan convivir con la modernidad sin perder su esencia.<\/p>\n\n\n\n<p><br>La <strong>Expo Ind\u00edgena: Tres pueblos, un territorio<\/strong> deja claro que Cartagena no solo es un destino tur\u00edstico, sino tambi\u00e9n un <strong>territorio vivo de memoria y resistencia cultural<\/strong>. Esta celebraci\u00f3n es un llamado a la ciudadan\u00eda para valorar y proteger las ra\u00edces que sostienen nuestra identidad colectiva, demostrando que el desarrollo tambi\u00e9n se mide por el respeto a la diversidad.<\/p>\n\n\n\n<div class=\"wp-block-media-text is-stacked-on-mobile is-vertically-aligned-center\"><figure  class=\"wp-block-media-text__media\"><img fetchpriority=\"high\" decoding=\"async\" width=\"1200\" height=\"750\" alt=\"\" src=\"https:\/\/cartagenaaldia.com\/wp-content\/uploads\/2025\/08\/Alcaldia-Cartagena-expo-etnia.webp\" class=\"wp-image-10509 size-full\"><\/figure><div class=\"wp-block-media-text__content\">\n<p><strong>Cartagena celebra su riqueza ind\u00edgena<\/strong><\/p>\n\n\n\n<p><strong>Un colorido evento que exalta la diversidad cultural cartagenera<\/strong><\/p>\n\n\n\n<p>En Cartagena de Indias, la Alcald\u00eda Distrital realiza la <strong>Expo Ind\u00edgena: Tres pueblos, un territorio<\/strong>, un evento que re\u00fane a los pueblos Inga, Cancuamo y Sen\u00fa en seis cabildos para compartir su cultura, artesan\u00eda y tradiciones. La actividad, abierta desde las 11 de la ma\u00f1ana hasta las 7 de la noche, incluye muestras culturales y un conversatorio con l\u00edderes ind\u00edgenas.<\/p>\n<\/div><\/div>\n","protected":false},"excerpt":{"rendered":"<p>Una inspiradora muestra cultural que resalta la diversidad \u00e9tnica y el patrimonio vivo de Cartagena de Indias<\/p>\n","protected":false},"author":2,"featured_media":10509,"comment_status":"closed","ping_status":"closed","sticky":false,"template":"","format":"standard","meta":{"om_disable_all_campaigns":false,"_monsterinsights_skip_tracking":false,"_monsterinsights_sitenote_active":false,"_monsterinsights_sitenote_note":"","_monsterinsights_sitenote_category":0,"footnotes":""},"categories":[107,102,104],"tags":[275,726],"class_list":["post-10506","post","type-post","status-publish","format-standard","has-post-thumbnail","hentry","category-cultura","category-generales","category-turismo","tag-alcaldia-cartagena","tag-secretaria-interior-cartagena"],"_links":{"self":[{"href":"https:\/\/cartagenaaldia.com\/index.php\/wp-json\/wp\/v2\/posts\/10506","targetHints":{"allow":["GET"]}}],"collection":[{"href":"https:\/\/cartagenaaldia.com\/index.php\/wp-json\/wp\/v2\/posts"}],"about":[{"href":"https:\/\/cartagenaaldia.com\/index.php\/wp-json\/wp\/v2\/types\/post"}],"author":[{"embeddable":true,"href":"https:\/\/cartagenaaldia.com\/index.php\/wp-json\/wp\/v2\/users\/2"}],"replies":[{"embeddable":true,"href":"https:\/\/cartagenaaldia.com\/index.php\/wp-json\/wp\/v2\/comments?post=10506"}],"version-history":[{"count":2,"href":"https:\/\/cartagenaaldia.com\/index.php\/wp-json\/wp\/v2\/posts\/10506\/revisions"}],"predecessor-version":[{"id":10508,"href":"https:\/\/cartagenaaldia.com\/index.php\/wp-json\/wp\/v2\/posts\/10506\/revisions\/10508"}],"wp:featuredmedia":[{"embeddable":true,"href":"https:\/\/cartagenaaldia.com\/index.php\/wp-json\/wp\/v2\/media\/10509"}],"wp:attachment":[{"href":"https:\/\/cartagenaaldia.com\/index.php\/wp-json\/wp\/v2\/media?parent=10506"}],"wp:term":[{"taxonomy":"category","embeddable":true,"href":"https:\/\/cartagenaaldia.com\/index.php\/wp-json\/wp\/v2\/categories?post=10506"},{"taxonomy":"post_tag","embeddable":true,"href":"https:\/\/cartagenaaldia.com\/index.php\/wp-json\/wp\/v2\/tags?post=10506"}],"curies":[{"name":"wp","href":"https:\/\/api.w.org\/{rel}","templated":true}]}}