{"id":10433,"date":"2025-07-30T10:45:16","date_gmt":"2025-07-30T15:45:16","guid":{"rendered":"https:\/\/cartagenaaldia.com\/?p=10433"},"modified":"2025-07-30T10:45:17","modified_gmt":"2025-07-30T15:45:17","slug":"concejo-de-cartagena-analiza-critica-situacion-actual-de-la-salud-mental-en-la-ciudad","status":"publish","type":"post","link":"https:\/\/cartagenaaldia.com\/index.php\/2025\/07\/30\/concejo-de-cartagena-analiza-critica-situacion-actual-de-la-salud-mental-en-la-ciudad\/","title":{"rendered":"Concejo de Cartagena analiza cr\u00edtica situaci\u00f3n actual de la salud mental en la ciudad"},"content":{"rendered":"\n<p><strong>La salud mental en Cartagena atraviesa una situaci\u00f3n cr\u00edtica<\/strong> que ha generado preocupaci\u00f3n en las autoridades y la ciudadan\u00eda. Durante una sesi\u00f3n especial del Concejo Distrital, <strong>la concejal Laura D\u00edaz Casas, del partido Alianza Verde, lider\u00f3 un profundo an\u00e1lisis sobre las causas, efectos y retos que enfrenta la ciudad<\/strong> en esta materia.<\/p>\n\n\n\n<p>Seg\u00fan la cabildante, <strong>la falta de coordinaci\u00f3n interinstitucional, la ausencia de una pol\u00edtica p\u00fablica robusta y la debilidad en recursos asignados<\/strong> evidencian la urgencia de actuar. \u201cCartagena enfrenta altos niveles de desigualdad y violencia, factores que afectan directamente la salud mental de su poblaci\u00f3n\u201d, afirm\u00f3 D\u00edaz Casas.<\/p>\n\n\n\n<p><strong>Uno de los puntos m\u00e1s cr\u00edticos expuestos fue la baja oferta de servicios en salud mental, especialmente en la red p\u00fablica<\/strong>. La concejal fue enf\u00e1tica al se\u00f1alar que los problemas no atendidos <strong>son a la vez causa y consecuencia de conflictos familiares, violencia intrafamiliar y bajo rendimiento educativo y laboral.<\/strong><\/p>\n\n\n\n<p><strong>\u201cUna mente que no est\u00e1 sana es una mente que no puede innovar\u201d<\/strong>, advirti\u00f3 la concejal, al subrayar c\u00f3mo la salud mental impacta directamente el desarrollo econ\u00f3mico, social y educativo de la ciudad. En su intervenci\u00f3n, propuso <strong>la creaci\u00f3n de una mesa de trabajo permanente con todos los actores clave<\/strong>, como entidades p\u00fablicas, privadas y organizaciones no gubernamentales, para construir soluciones concretas.<\/p>\n\n\n\n<p>Durante la sesi\u00f3n, diversas voces ciudadanas y expertos <strong>aportaron valiosos insumos que enriquecieron el diagn\u00f3stico<\/strong>. Entre las propuestas destacadas estuvo la <strong>creaci\u00f3n de un Observatorio Distrital de Salud Mental<\/strong>, la formulaci\u00f3n de una <strong>pol\u00edtica p\u00fablica con enfoque territorial y participativo<\/strong>, as\u00ed como <strong>el fortalecimiento del acompa\u00f1amiento psicosocial estructural en entornos como escuelas y comunidades vulnerables<\/strong>.<\/p>\n\n\n\n<p>El reconocido psiquiatra y exdirector del DADIS, Cristian Ayola, particip\u00f3 en el debate, junto con el actual director del DADIS, Rafael Navarro, y la gerente de la ESE Cartagena de Indias. <strong>Los funcionarios explicaron que ya se est\u00e1 formulando una pol\u00edtica p\u00fablica con una inversi\u00f3n superior a los 48 mil millones de pesos<\/strong>, enfocada en la reducci\u00f3n de intentos de suicidio, campa\u00f1as de prevenci\u00f3n y talleres psicoeducativos.<\/p>\n\n\n\n<p>No obstante, <strong>reconocieron que existen limitaciones importantes en cobertura, infraestructura y disponibilidad de personal especializado<\/strong>, especialmente en las entidades del Distrito. Laura D\u00edaz advirti\u00f3 con preocupaci\u00f3n que <strong>no hay suficientes profesionales para atender los crecientes casos de salud mental<\/strong>, lo que exige mayor compromiso institucional.<\/p>\n\n\n\n<p><strong>Esta sesi\u00f3n del Concejo reafirma la urgencia de atender la salud mental como un tema prioritario<\/strong>. En un entorno urbano cargado de desaf\u00edos como la pobreza, el desempleo y la violencia, <strong>la atenci\u00f3n oportuna a la salud mental se convierte en una necesidad b\u00e1sica para construir una Cartagena m\u00e1s segura, innovadora y humana<\/strong>.<\/p>\n\n\n\n<div class=\"wp-block-media-text is-stacked-on-mobile is-image-fill-element\"><figure  class=\"wp-block-media-text__media\"><img fetchpriority=\"high\" decoding=\"async\" width=\"1200\" height=\"750\" alt=\"\" src=\"https:\/\/cartagenaaldia.com\/wp-content\/uploads\/2025\/07\/Concejal-Laura-Diaz.webp\" style=\"object-position:50% 50%;\" class=\"wp-image-10435 size-full\"><\/figure><div class=\"wp-block-media-text__content\">\n<p>En el Concejo de Cartagena, la concejal Laura D\u00edaz Casas lider\u00f3 un an\u00e1lisis sobre salud mental, denunciando baja cobertura y falta de pol\u00edticas p\u00fablicas. La sesi\u00f3n, que cont\u00f3 con expertos y entidades locales, pidi\u00f3 acciones urgentes ante la crisis que afecta a miles de cartageneros. El debate se realiz\u00f3 esta semana.<\/p>\n<\/div><\/div>\n","protected":false},"excerpt":{"rendered":"<p>Laura D\u00edaz lidera debate en Concejo sobre salud mental y pol\u00edticas p\u00fablicas con enfoque territorial<\/p>\n","protected":false},"author":2,"featured_media":10435,"comment_status":"closed","ping_status":"closed","sticky":false,"template":"","format":"standard","meta":{"om_disable_all_campaigns":false,"_monsterinsights_skip_tracking":false,"_monsterinsights_sitenote_active":false,"_monsterinsights_sitenote_note":"","_monsterinsights_sitenote_category":0,"footnotes":""},"categories":[102,105,109],"tags":[334,587,845],"class_list":["post-10433","post","type-post","status-publish","format-standard","has-post-thumbnail","hentry","category-generales","category-politica","category-salud","tag-concejo-cartagena-de-indias","tag-concejo-distrital-cartagena","tag-laura-diaz-casas"],"_links":{"self":[{"href":"https:\/\/cartagenaaldia.com\/index.php\/wp-json\/wp\/v2\/posts\/10433","targetHints":{"allow":["GET"]}}],"collection":[{"href":"https:\/\/cartagenaaldia.com\/index.php\/wp-json\/wp\/v2\/posts"}],"about":[{"href":"https:\/\/cartagenaaldia.com\/index.php\/wp-json\/wp\/v2\/types\/post"}],"author":[{"embeddable":true,"href":"https:\/\/cartagenaaldia.com\/index.php\/wp-json\/wp\/v2\/users\/2"}],"replies":[{"embeddable":true,"href":"https:\/\/cartagenaaldia.com\/index.php\/wp-json\/wp\/v2\/comments?post=10433"}],"version-history":[{"count":1,"href":"https:\/\/cartagenaaldia.com\/index.php\/wp-json\/wp\/v2\/posts\/10433\/revisions"}],"predecessor-version":[{"id":10434,"href":"https:\/\/cartagenaaldia.com\/index.php\/wp-json\/wp\/v2\/posts\/10433\/revisions\/10434"}],"wp:featuredmedia":[{"embeddable":true,"href":"https:\/\/cartagenaaldia.com\/index.php\/wp-json\/wp\/v2\/media\/10435"}],"wp:attachment":[{"href":"https:\/\/cartagenaaldia.com\/index.php\/wp-json\/wp\/v2\/media?parent=10433"}],"wp:term":[{"taxonomy":"category","embeddable":true,"href":"https:\/\/cartagenaaldia.com\/index.php\/wp-json\/wp\/v2\/categories?post=10433"},{"taxonomy":"post_tag","embeddable":true,"href":"https:\/\/cartagenaaldia.com\/index.php\/wp-json\/wp\/v2\/tags?post=10433"}],"curies":[{"name":"wp","href":"https:\/\/api.w.org\/{rel}","templated":true}]}}