{"id":10399,"date":"2025-07-28T22:47:34","date_gmt":"2025-07-29T03:47:34","guid":{"rendered":"https:\/\/cartagenaaldia.com\/?p=10399"},"modified":"2025-07-28T22:47:41","modified_gmt":"2025-07-29T03:47:41","slug":"avanza-significativa-modernizacion-de-inspecciones-de-policia-en-cartagena-con-millonaria-inversion-publica","status":"publish","type":"post","link":"https:\/\/cartagenaaldia.com\/index.php\/2025\/07\/28\/avanza-significativa-modernizacion-de-inspecciones-de-policia-en-cartagena-con-millonaria-inversion-publica\/","title":{"rendered":"Avanza significativa modernizaci\u00f3n de Inspecciones de Polic\u00eda en Cartagena con millonaria inversi\u00f3n p\u00fablica"},"content":{"rendered":"\n<p>La <strong>Alcald\u00eda de Cartagena<\/strong>, a trav\u00e9s de la <strong>Secretar\u00eda del Interior y Convivencia Ciudadana<\/strong>, ejecuta con un <strong>avance f\u00edsico del 71,42 %<\/strong> el proyecto de <strong>adecuaci\u00f3n integral de 14 Inspecciones de Polic\u00eda<\/strong>, ubicadas en sectores urbanos y rurales del Distrito. Esta iniciativa representa una inversi\u00f3n superior a los <strong>$4.587 millones<\/strong>, destinada a garantizar un acceso m\u00e1s efectivo y digno a la justicia comunitaria.<\/p>\n\n\n\n<p><strong>Cinco inspecciones ya fueron entregadas<\/strong>, ubicadas en los barrios <strong>El Recreo, Blas de Lezo, Las Palmeras, Nuevo Para\u00edso y el corregimiento de Isla Fuerte<\/strong>. Mientras tanto, siete sedes est\u00e1n en ejecuci\u00f3n: <strong>Bayunca, Punta Canoa, Altos de los Jardines, 20 de Julio, La Esperanza, San Francisco y El Bosque<\/strong>. Las inspecciones de <strong>El Poz\u00f3n y Ciudadela 2000<\/strong> se encuentran pr\u00f3ximas a iniciar trabajos.<\/p>\n\n\n\n<p>El objetivo del proyecto es <strong>modernizar, asegurar y optimizar el funcionamiento de estas sedes judiciales<\/strong>, clave para el acceso de los ciudadanos a soluciones de convivencia y justicia en sus territorios. La iniciativa contempla <strong>intervenciones estructurales, el\u00e9ctricas, hidr\u00e1ulicas, y de accesibilidad<\/strong>, as\u00ed como mejoras en <strong>carpinter\u00eda, impermeabilizaci\u00f3n, pisos, cielorrasos, acabados e instalaci\u00f3n de aires acondicionados<\/strong>.<\/p>\n\n\n\n<p><strong>Un proyecto al servicio de la justicia local<\/strong><\/p>\n\n\n\n<p>Seg\u00fan <strong>Bruno Hern\u00e1ndez<\/strong>, secretario del Interior y Convivencia Ciudadana, &#8220;<strong>la restauraci\u00f3n y adecuaci\u00f3n de estas inspecciones no solo representa una mejora en infraestructura, sino que reafirma el compromiso de la Alcald\u00eda por el fortalecimiento de la justicia local y la construcci\u00f3n de territorios m\u00e1s justos, seguros y con mayor presencia institucional<\/strong>&#8220;.<\/p>\n\n\n\n<p>Los beneficios del proyecto son claros y de alto impacto para la ciudadan\u00eda:<\/p>\n\n\n\n<ul class=\"wp-block-list\">\n<li><strong>Atenci\u00f3n m\u00e1s r\u00e1pida y eficiente<\/strong>, reduciendo tiempos de espera y facilitando tr\u00e1mites.<\/li>\n\n\n\n<li><strong>Espacios seguros y dignos<\/strong>, accesibles para todas las personas, especialmente para quienes habitan sectores hist\u00f3ricamente excluidos.<\/li>\n\n\n\n<li><strong>Mayor presencia institucional<\/strong> en zonas rurales que hist\u00f3ricamente han carecido de servicios de justicia cercana.<\/li>\n\n\n\n<li><strong>Condiciones laborales mejoradas para funcionarios<\/strong>, lo cual eleva la calidad del servicio que prestan.<\/li>\n<\/ul>\n\n\n\n<p><strong>Testimonios de transformaci\u00f3n en los barrios<\/strong><\/p>\n\n\n\n<p>Funcionarios y ciudadanos ya perciben los cambios. Para <strong>Jos\u00e9 Ra\u00fal Bola\u00f1os<\/strong>, inspector del barrio El Recreo, &#8220;<strong>esta inversi\u00f3n garantiza un mejor servicio y principalmente, que los funcionarios trabajen en condiciones dignas. Este programa de Justicia Cercana tambi\u00e9n garantiza que podamos llevar soluciones a los problemas de convivencia de nuestros barrios<\/strong>&#8220;.<\/p>\n\n\n\n<p>Por su parte, <strong>Heisel Ortega<\/strong>, inspectora del barrio Nuevo Para\u00edso, expres\u00f3 que &#8220;<strong>hoy vemos con otros ojos esta inversi\u00f3n: con ojos de realidad. Es un gran avance que nos permite trabajar y atender en buenas condiciones<\/strong>&#8220;.<\/p>\n\n\n\n<p><strong>Gesti\u00f3n segura y ambientalmente responsable<\/strong><\/p>\n\n\n\n<p>El proyecto se ha caracterizado por <strong>su gesti\u00f3n preventiva, procesos de capacitaci\u00f3n continua y control documental en seguridad y salud en el trabajo<\/strong>. Hasta el momento, no se han registrado <strong>incidentes de seguridad ni sanciones ambientales<\/strong>, lo que evidencia una ejecuci\u00f3n responsable y planificada.<\/p>\n\n\n\n<p><strong>Con este ambicioso plan, Cartagena avanza en la consolidaci\u00f3n de un sistema de justicia local m\u00e1s eficiente, humano y al alcance de todos.<\/strong> La inversi\u00f3n no solo embellece y mejora la infraestructura, sino que tambi\u00e9n dignifica el servicio p\u00fablico, fortalece la institucionalidad y ofrece a la ciudadan\u00eda una justicia m\u00e1s cercana, moderna y funcional. Se espera que antes de finalizar el a\u00f1o, todas las sedes est\u00e9n completamente rehabilitadas, cumpliendo as\u00ed un compromiso con el acceso equitativo a los derechos y la convivencia pac\u00edfica en el Distrito.<\/p>\n\n\n\n<div class=\"wp-block-media-text is-stacked-on-mobile\"><figure  class=\"wp-block-media-text__media\"><img fetchpriority=\"high\" decoding=\"async\" width=\"1200\" height=\"750\" alt=\"\" src=\"https:\/\/cartagenaaldia.com\/wp-content\/uploads\/2025\/07\/Secretaria-Interior-Cai.webp\" class=\"wp-image-10402 size-full\"><\/figure><div class=\"wp-block-media-text__content\">\n<p>La Alcald\u00eda de Cartagena avanza en la adecuaci\u00f3n de 14 inspecciones de Polic\u00eda con un 71% de ejecuci\u00f3n. El proyecto, superior a $4.587 millones, busca mejorar el acceso a la justicia en barrios y corregimientos. Cinco sedes ya fueron entregadas, y otras est\u00e1n en ejecuci\u00f3n o pr\u00f3ximas a intervenirse.<\/p>\n<\/div><\/div>\n","protected":false},"excerpt":{"rendered":"<p>Alcald\u00eda de Cartagena moderniza 14 inspecciones de polic\u00eda urbanas y rurales con inversi\u00f3n superior a $4.500 millones<\/p>\n","protected":false},"author":2,"featured_media":10402,"comment_status":"closed","ping_status":"closed","sticky":false,"template":"","format":"standard","meta":{"om_disable_all_campaigns":false,"_monsterinsights_skip_tracking":false,"_monsterinsights_sitenote_active":false,"_monsterinsights_sitenote_note":"","_monsterinsights_sitenote_category":0,"footnotes":""},"categories":[110,102,111],"tags":[275,726],"class_list":["post-10399","post","type-post","status-publish","format-standard","has-post-thumbnail","hentry","category-bolivar","category-generales","category-justicia","tag-alcaldia-cartagena","tag-secretaria-interior-cartagena"],"_links":{"self":[{"href":"https:\/\/cartagenaaldia.com\/index.php\/wp-json\/wp\/v2\/posts\/10399","targetHints":{"allow":["GET"]}}],"collection":[{"href":"https:\/\/cartagenaaldia.com\/index.php\/wp-json\/wp\/v2\/posts"}],"about":[{"href":"https:\/\/cartagenaaldia.com\/index.php\/wp-json\/wp\/v2\/types\/post"}],"author":[{"embeddable":true,"href":"https:\/\/cartagenaaldia.com\/index.php\/wp-json\/wp\/v2\/users\/2"}],"replies":[{"embeddable":true,"href":"https:\/\/cartagenaaldia.com\/index.php\/wp-json\/wp\/v2\/comments?post=10399"}],"version-history":[{"count":4,"href":"https:\/\/cartagenaaldia.com\/index.php\/wp-json\/wp\/v2\/posts\/10399\/revisions"}],"predecessor-version":[{"id":10404,"href":"https:\/\/cartagenaaldia.com\/index.php\/wp-json\/wp\/v2\/posts\/10399\/revisions\/10404"}],"wp:featuredmedia":[{"embeddable":true,"href":"https:\/\/cartagenaaldia.com\/index.php\/wp-json\/wp\/v2\/media\/10402"}],"wp:attachment":[{"href":"https:\/\/cartagenaaldia.com\/index.php\/wp-json\/wp\/v2\/media?parent=10399"}],"wp:term":[{"taxonomy":"category","embeddable":true,"href":"https:\/\/cartagenaaldia.com\/index.php\/wp-json\/wp\/v2\/categories?post=10399"},{"taxonomy":"post_tag","embeddable":true,"href":"https:\/\/cartagenaaldia.com\/index.php\/wp-json\/wp\/v2\/tags?post=10399"}],"curies":[{"name":"wp","href":"https:\/\/api.w.org\/{rel}","templated":true}]}}