{"id":10381,"date":"2025-07-27T22:24:46","date_gmt":"2025-07-28T03:24:46","guid":{"rendered":"https:\/\/cartagenaaldia.com\/?p=10381"},"modified":"2025-07-27T22:24:46","modified_gmt":"2025-07-28T03:24:46","slug":"violento-ciudadano-estadounidense-fue-expulsado-por-danar-bienes-en-aeropuerto-cartagena","status":"publish","type":"post","link":"https:\/\/cartagenaaldia.com\/index.php\/2025\/07\/27\/violento-ciudadano-estadounidense-fue-expulsado-por-danar-bienes-en-aeropuerto-cartagena\/","title":{"rendered":"Violento ciudadano estadounidense fue expulsado por da\u00f1ar bienes en aeropuerto Cartagena"},"content":{"rendered":"\n<p><strong>Emanuel Hern\u00e1ndez<\/strong>, ciudadano estadounidense de 42 a\u00f1os, fue <strong>expulsado del territorio nacional colombiano<\/strong> por protagonizar un grave acto de violencia en las instalaciones de <strong>Migraci\u00f3n Colombia del Aeropuerto Internacional Rafael N\u00fa\u00f1ez, en Cartagena<\/strong>. El hombre caus\u00f3 <strong>da\u00f1os materiales<\/strong> en escritorios, computadores, sillas y cub\u00edculos institucionales.<\/p>\n\n\n\n<p>El incidente fue atendido por las autoridades competentes. <strong>Hern\u00e1ndez fue detenido y denunciado por el delito de da\u00f1o en bien ajeno<\/strong>, tras su comportamiento agresivo contra la infraestructura de Migraci\u00f3n Colombia. La entidad procedi\u00f3 a <strong>iniciar el proceso de expulsi\u00f3n<\/strong>, conforme a la ley.<\/p>\n\n\n\n<p><strong>Expulsi\u00f3n efectiva tras d\u00edas de espera<\/strong><\/p>\n\n\n\n<p>La <strong>Alcald\u00eda Distrital de Cartagena<\/strong>, a trav\u00e9s de la Secretar\u00eda del Interior y Convivencia Ciudadana, <strong>rechaz\u00f3 categ\u00f3ricamente el hecho de violencia<\/strong> contra las instituciones del Estado y <strong>celebr\u00f3 que la expulsi\u00f3n del ciudadano se hiciera efectiva este viernes<\/strong>, luego de varios d\u00edas de espera por la negativa de algunas aerol\u00edneas a venderle tiquetes.<\/p>\n\n\n\n<p><strong>Hern\u00e1ndez fue trasladado bajo custodia hacia la ciudad de Miami, Estados Unidos<\/strong>, en cumplimiento de los protocolos establecidos por Migraci\u00f3n Colombia y por solicitud de la aerol\u00ednea. El individuo <strong>no podr\u00e1 ingresar nuevamente a Colombia durante los pr\u00f3ximos 10 a\u00f1os<\/strong>.<\/p>\n\n\n\n<p><strong>Proceso en curso y compromiso institucional<\/strong><\/p>\n\n\n\n<p>El proceso de evaluaci\u00f3n de los <strong>da\u00f1os causados por el ciudadano se encuentra en curso<\/strong>, y se espera que el responsable responda econ\u00f3micamente por los perjuicios ocasionados. Este incidente ha generado una fuerte respuesta institucional en defensa del orden y el respeto.<\/p>\n\n\n\n<p>Desde el Distrito de Cartagena se reiter\u00f3 el <strong>firme compromiso con el respeto a las instituciones<\/strong>, la <strong>protecci\u00f3n del bienestar de los cartageneros y sus visitantes<\/strong>, y el <strong>rechazo total a actos de violencia de cualquier \u00edndole<\/strong> en espacios p\u00fablicos o gubernamentales.<\/p>\n\n\n\n<p><strong>Este hecho deja en claro que en Cartagena no se tolera la agresi\u00f3n a las instituciones.<\/strong> La acci\u00f3n coordinada entre Migraci\u00f3n Colombia y las autoridades distritales permiti\u00f3 restablecer el orden y hacer cumplir las normas migratorias del pa\u00eds. Casos como este refuerzan la necesidad de actuar con contundencia frente a cualquier acto que atente contra la seguridad institucional. La ciudad seguir\u00e1 apostando por un entorno de respeto, convivencia y legalidad para propios y visitantes.<\/p>\n\n\n\n<div class=\"wp-block-media-text is-stacked-on-mobile is-image-fill-element\"><figure  class=\"wp-block-media-text__media\"><img fetchpriority=\"high\" decoding=\"async\" width=\"1200\" height=\"750\" alt=\"\" src=\"https:\/\/cartagenaaldia.com\/wp-content\/uploads\/2025\/07\/Secretaria-Interior-Gringo-Expulsado-.webp\" style=\"object-position:50% 50%;\" class=\"wp-image-10385 size-full\"><\/figure><div class=\"wp-block-media-text__content\">\n<p>Emanuel Hern\u00e1ndez, ciudadano estadounidense, fue expulsado este viernes desde el Aeropuerto Rafael N\u00fa\u00f1ez de Cartagena, tras causar da\u00f1os materiales en oficinas de Migraci\u00f3n Colombia. La Alcald\u00eda rechaz\u00f3 el acto de violencia y respald\u00f3 la medida. Hern\u00e1ndez no podr\u00e1 regresar a Colombia en los pr\u00f3ximos 10 a\u00f1os por decisi\u00f3n oficial.<\/p>\n<\/div><\/div>\n","protected":false},"excerpt":{"rendered":"<p>Migraci\u00f3n Colombia expuls\u00f3 a extranjero tras ataque violento en aeropuerto Rafael N\u00fa\u00f1ez de Cartagena<\/p>\n","protected":false},"author":2,"featured_media":10385,"comment_status":"closed","ping_status":"closed","sticky":false,"template":"","format":"standard","meta":{"om_disable_all_campaigns":false,"_monsterinsights_skip_tracking":false,"_monsterinsights_sitenote_active":false,"_monsterinsights_sitenote_note":"","_monsterinsights_sitenote_category":0,"footnotes":""},"categories":[102,111,104],"tags":[275,726],"class_list":["post-10381","post","type-post","status-publish","format-standard","has-post-thumbnail","hentry","category-generales","category-justicia","category-turismo","tag-alcaldia-cartagena","tag-secretaria-interior-cartagena"],"_links":{"self":[{"href":"https:\/\/cartagenaaldia.com\/index.php\/wp-json\/wp\/v2\/posts\/10381","targetHints":{"allow":["GET"]}}],"collection":[{"href":"https:\/\/cartagenaaldia.com\/index.php\/wp-json\/wp\/v2\/posts"}],"about":[{"href":"https:\/\/cartagenaaldia.com\/index.php\/wp-json\/wp\/v2\/types\/post"}],"author":[{"embeddable":true,"href":"https:\/\/cartagenaaldia.com\/index.php\/wp-json\/wp\/v2\/users\/2"}],"replies":[{"embeddable":true,"href":"https:\/\/cartagenaaldia.com\/index.php\/wp-json\/wp\/v2\/comments?post=10381"}],"version-history":[{"count":3,"href":"https:\/\/cartagenaaldia.com\/index.php\/wp-json\/wp\/v2\/posts\/10381\/revisions"}],"predecessor-version":[{"id":10384,"href":"https:\/\/cartagenaaldia.com\/index.php\/wp-json\/wp\/v2\/posts\/10381\/revisions\/10384"}],"wp:featuredmedia":[{"embeddable":true,"href":"https:\/\/cartagenaaldia.com\/index.php\/wp-json\/wp\/v2\/media\/10385"}],"wp:attachment":[{"href":"https:\/\/cartagenaaldia.com\/index.php\/wp-json\/wp\/v2\/media?parent=10381"}],"wp:term":[{"taxonomy":"category","embeddable":true,"href":"https:\/\/cartagenaaldia.com\/index.php\/wp-json\/wp\/v2\/categories?post=10381"},{"taxonomy":"post_tag","embeddable":true,"href":"https:\/\/cartagenaaldia.com\/index.php\/wp-json\/wp\/v2\/tags?post=10381"}],"curies":[{"name":"wp","href":"https:\/\/api.w.org\/{rel}","templated":true}]}}