{"id":10377,"date":"2025-07-27T18:50:10","date_gmt":"2025-07-27T23:50:10","guid":{"rendered":"https:\/\/cartagenaaldia.com\/?p=10377"},"modified":"2025-07-27T18:50:11","modified_gmt":"2025-07-27T23:50:11","slug":"indignante-agresion-a-vendedor-de-sopa-moviliza-respuesta-inmediata-de-alcaldia-cartagena","status":"publish","type":"post","link":"https:\/\/cartagenaaldia.com\/index.php\/2025\/07\/27\/indignante-agresion-a-vendedor-de-sopa-moviliza-respuesta-inmediata-de-alcaldia-cartagena\/","title":{"rendered":"Indignante agresi\u00f3n a vendedor de sopa moviliza respuesta inmediata de Alcald\u00eda Cartagena"},"content":{"rendered":"\n<p>La <strong>Alcald\u00eda Distrital de Cartagena<\/strong> rechaz\u00f3 de manera enf\u00e1tica los hechos de agresi\u00f3n <strong>registrados en un video difundido en redes sociales<\/strong>, en el cual se observa una acci\u00f3n <strong>irrespetuosa y degradante contra un adulto mayor<\/strong> que se dedica a la venta de sopa en el <strong>barrio El Poz\u00f3n<\/strong>.<\/p>\n\n\n\n<p><strong>El acto de intolerancia, protagonizado por comerciantes<\/strong>, gener\u00f3 un amplio rechazo ciudadano y motiv\u00f3 una <strong>respuesta institucional inmediata<\/strong>. Desde que se conocieron los hechos, la <strong>Secretar\u00eda del Interior y Convivencia Ciudadana<\/strong> activ\u00f3 los canales de articulaci\u00f3n con la <strong>Polic\u00eda Metropolitana de Cartagena<\/strong> para <strong>verificar la situaci\u00f3n y brindar atenci\u00f3n al ciudadano afectado<\/strong>.<\/p>\n\n\n\n<p><strong>Atenci\u00f3n inmediata y reparaci\u00f3n<\/strong><\/p>\n\n\n\n<p>Gracias a la intervenci\u00f3n de las autoridades distritales, <strong>se logr\u00f3 identificar a los responsables<\/strong>, quienes accedieron a una conciliaci\u00f3n que contempl\u00f3 el <strong>resarcimiento econ\u00f3mico del da\u00f1o causado<\/strong>, mediante el <strong>pago total de la inversi\u00f3n que el adulto mayor hizo en la preparaci\u00f3n de su sopa<\/strong>.<\/p>\n\n\n\n<p><strong>\u201cDesde la Alcald\u00eda reafirmamos que la dignidad humana no se negocia, ni se vulnera\u201d<\/strong>, expres\u00f3 el equipo de gobierno distrital, al reiterar su postura frente al respeto por el trabajo honesto y la necesidad de promover una cultura ciudadana basada en la <strong>empat\u00eda y la convivencia pac\u00edfica<\/strong>.<\/p>\n\n\n\n<p><strong>Llamado a la ciudadan\u00eda<\/strong><\/p>\n\n\n\n<p>La Alcald\u00eda hace un llamado a todos los cartageneros a actuar con <strong>respeto, solidaridad y responsabilidad social<\/strong>, especialmente ante situaciones que involucran a <strong>adultos mayores o personas en condici\u00f3n de vulnerabilidad<\/strong>. El Distrito record\u00f3 que ning\u00fan conflicto se resuelve con violencia, y que la <strong>justicia social comienza con el respeto al otro<\/strong>.<\/p>\n\n\n\n<p>Adem\u00e1s, se insisti\u00f3 en que la denuncia oportuna y la circulaci\u00f3n de informaci\u00f3n responsable contribuyen a que las <strong>instituciones puedan actuar eficazmente para proteger los derechos de todos los ciudadanos<\/strong>.<\/p>\n\n\n\n<p><strong>Este lamentable caso en El Poz\u00f3n deja una lecci\u00f3n clara: Cartagena necesita m\u00e1s empat\u00eda y menos violencia.<\/strong> La respuesta r\u00e1pida de la Alcald\u00eda y la disposici\u00f3n al di\u00e1logo permiten cerrar este episodio con justicia restaurativa, pero tambi\u00e9n con la <strong>esperanza de que la ciudadan\u00eda elija siempre el camino del respeto y la dignidad humana.<\/strong> En una ciudad que apuesta por el bienestar com\u00fan, <strong>la defensa del trabajo honesto es una causa que debe unirnos a todos.<\/strong><\/p>\n\n\n\n<div class=\"wp-block-media-text is-stacked-on-mobile is-image-fill-element\"><figure  class=\"wp-block-media-text__media\"><img fetchpriority=\"high\" decoding=\"async\" width=\"1200\" height=\"750\" alt=\"\" src=\"https:\/\/cartagenaaldia.com\/wp-content\/uploads\/2025\/07\/Secretaria-Interior-Caso-Abuelo.webp\" style=\"object-position:50% 50%;\" class=\"wp-image-10380 size-full\"><\/figure><div class=\"wp-block-media-text__content\">\n<p>La Alcald\u00eda de Cartagena rechaz\u00f3 una agresi\u00f3n contra un adulto mayor vendedor de sopa en El Poz\u00f3n. El hecho fue atendido por la Secretar\u00eda del Interior, que junto con la Polic\u00eda logr\u00f3 una conciliaci\u00f3n entre las partes. Los responsables resarcieron econ\u00f3micamente el da\u00f1o. Se reitera respeto a la dignidad humana.<\/p>\n<\/div><\/div>\n","protected":false},"excerpt":{"rendered":"<p>Alcald\u00eda de Cartagena rechaza agresi\u00f3n y defiende la dignidad del adulto mayor afectado<\/p>\n","protected":false},"author":2,"featured_media":10380,"comment_status":"closed","ping_status":"closed","sticky":false,"template":"","format":"standard","meta":{"om_disable_all_campaigns":false,"_monsterinsights_skip_tracking":false,"_monsterinsights_sitenote_active":false,"_monsterinsights_sitenote_note":"","_monsterinsights_sitenote_category":0,"footnotes":""},"categories":[110,102,111],"tags":[275,726],"class_list":["post-10377","post","type-post","status-publish","format-standard","has-post-thumbnail","hentry","category-bolivar","category-generales","category-justicia","tag-alcaldia-cartagena","tag-secretaria-interior-cartagena"],"_links":{"self":[{"href":"https:\/\/cartagenaaldia.com\/index.php\/wp-json\/wp\/v2\/posts\/10377","targetHints":{"allow":["GET"]}}],"collection":[{"href":"https:\/\/cartagenaaldia.com\/index.php\/wp-json\/wp\/v2\/posts"}],"about":[{"href":"https:\/\/cartagenaaldia.com\/index.php\/wp-json\/wp\/v2\/types\/post"}],"author":[{"embeddable":true,"href":"https:\/\/cartagenaaldia.com\/index.php\/wp-json\/wp\/v2\/users\/2"}],"replies":[{"embeddable":true,"href":"https:\/\/cartagenaaldia.com\/index.php\/wp-json\/wp\/v2\/comments?post=10377"}],"version-history":[{"count":2,"href":"https:\/\/cartagenaaldia.com\/index.php\/wp-json\/wp\/v2\/posts\/10377\/revisions"}],"predecessor-version":[{"id":10379,"href":"https:\/\/cartagenaaldia.com\/index.php\/wp-json\/wp\/v2\/posts\/10377\/revisions\/10379"}],"wp:featuredmedia":[{"embeddable":true,"href":"https:\/\/cartagenaaldia.com\/index.php\/wp-json\/wp\/v2\/media\/10380"}],"wp:attachment":[{"href":"https:\/\/cartagenaaldia.com\/index.php\/wp-json\/wp\/v2\/media?parent=10377"}],"wp:term":[{"taxonomy":"category","embeddable":true,"href":"https:\/\/cartagenaaldia.com\/index.php\/wp-json\/wp\/v2\/categories?post=10377"},{"taxonomy":"post_tag","embeddable":true,"href":"https:\/\/cartagenaaldia.com\/index.php\/wp-json\/wp\/v2\/tags?post=10377"}],"curies":[{"name":"wp","href":"https:\/\/api.w.org\/{rel}","templated":true}]}}