{"id":10359,"date":"2025-07-26T15:27:31","date_gmt":"2025-07-26T20:27:31","guid":{"rendered":"https:\/\/cartagenaaldia.com\/?p=10359"},"modified":"2025-07-26T15:27:31","modified_gmt":"2025-07-26T20:27:31","slug":"gobierno-lanza-negociacion-colectiva-para-trabajo-domestico-con-empleadas-y-empleadores-en-cartagena","status":"publish","type":"post","link":"https:\/\/cartagenaaldia.com\/index.php\/2025\/07\/26\/gobierno-lanza-negociacion-colectiva-para-trabajo-domestico-con-empleadas-y-empleadores-en-cartagena\/","title":{"rendered":"Gobierno lanza negociaci\u00f3n colectiva para trabajo dom\u00e9stico con empleadas y empleadores en Cartagena"},"content":{"rendered":"\n<p>El Ministerio del Trabajo lanz\u00f3 en Cartagena la resoluci\u00f3n para la negociaci\u00f3n colectiva del trabajo dom\u00e9stico. El gobierno nacional, a trav\u00e9s de una mesa tripartita con empleadas dom\u00e9sticas, empleadores y el Estado, espera concretar acuerdos este mismo a\u00f1o. En una primera etapa, las empresas de servicios dom\u00e9sticos representar\u00e1n a los empleadores en el di\u00e1logo. <\/p>\n\n\n\n<p>Este proceso marca un hito en la formalizaci\u00f3n laboral del trabajo dom\u00e9stico en Colombia. Seg\u00fan el Ministerio, se busca garantizar condiciones dignas, salario justo y seguridad social. La participaci\u00f3n equitativa en la mesa es clave para lograr acuerdos hist\u00f3ricos antes de finalizar 2025, cerrando una brecha social de larga data en el pa\u00eds.<\/p>\n\n\n\n<figure class=\"wp-block-embed is-type-video is-provider-youtube wp-block-embed-youtube wp-embed-aspect-4-3 wp-has-aspect-ratio\"><div class=\"wp-block-embed__wrapper\">\n<iframe title=\"Gobierno lanza negociaci\u00f3n colectiva para trabajo dom\u00e9stico con empleadas y empleadores en Cartagena\" width=\"500\" height=\"375\" src=\"https:\/\/www.youtube.com\/embed\/tZhYrQZq85I?feature=oembed\" frameborder=\"0\" allow=\"accelerometer; autoplay; clipboard-write; encrypted-media; gyroscope; picture-in-picture; web-share\" referrerpolicy=\"strict-origin-when-cross-origin\" allowfullscreen><\/iframe>\n<\/div><\/figure>\n","protected":false},"excerpt":{"rendered":"<p>Ministerio del Trabajo inicia proceso tripartito de di\u00e1logo por derechos laborales del servicio dom\u00e9stico en Colombia<\/p>\n","protected":false},"author":2,"featured_media":10362,"comment_status":"closed","ping_status":"closed","sticky":false,"template":"","format":"standard","meta":{"om_disable_all_campaigns":false,"_monsterinsights_skip_tracking":false,"_monsterinsights_sitenote_active":false,"_monsterinsights_sitenote_note":"","_monsterinsights_sitenote_category":0,"footnotes":""},"categories":[115,103,102],"tags":[354],"class_list":["post-10359","post","type-post","status-publish","format-standard","has-post-thumbnail","hentry","category-colombia","category-economia","category-generales","tag-mintrabajo"],"_links":{"self":[{"href":"https:\/\/cartagenaaldia.com\/index.php\/wp-json\/wp\/v2\/posts\/10359","targetHints":{"allow":["GET"]}}],"collection":[{"href":"https:\/\/cartagenaaldia.com\/index.php\/wp-json\/wp\/v2\/posts"}],"about":[{"href":"https:\/\/cartagenaaldia.com\/index.php\/wp-json\/wp\/v2\/types\/post"}],"author":[{"embeddable":true,"href":"https:\/\/cartagenaaldia.com\/index.php\/wp-json\/wp\/v2\/users\/2"}],"replies":[{"embeddable":true,"href":"https:\/\/cartagenaaldia.com\/index.php\/wp-json\/wp\/v2\/comments?post=10359"}],"version-history":[{"count":3,"href":"https:\/\/cartagenaaldia.com\/index.php\/wp-json\/wp\/v2\/posts\/10359\/revisions"}],"predecessor-version":[{"id":10365,"href":"https:\/\/cartagenaaldia.com\/index.php\/wp-json\/wp\/v2\/posts\/10359\/revisions\/10365"}],"wp:featuredmedia":[{"embeddable":true,"href":"https:\/\/cartagenaaldia.com\/index.php\/wp-json\/wp\/v2\/media\/10362"}],"wp:attachment":[{"href":"https:\/\/cartagenaaldia.com\/index.php\/wp-json\/wp\/v2\/media?parent=10359"}],"wp:term":[{"taxonomy":"category","embeddable":true,"href":"https:\/\/cartagenaaldia.com\/index.php\/wp-json\/wp\/v2\/categories?post=10359"},{"taxonomy":"post_tag","embeddable":true,"href":"https:\/\/cartagenaaldia.com\/index.php\/wp-json\/wp\/v2\/tags?post=10359"}],"curies":[{"name":"wp","href":"https:\/\/api.w.org\/{rel}","templated":true}]}}