{"id":10313,"date":"2025-07-24T08:37:41","date_gmt":"2025-07-24T13:37:41","guid":{"rendered":"https:\/\/cartagenaaldia.com\/?p=10313"},"modified":"2025-07-24T08:37:42","modified_gmt":"2025-07-24T13:37:42","slug":"solido-liderazgo-de-cemento-pais-impulsa-calidad-en-la-construccion-caribena","status":"publish","type":"post","link":"https:\/\/cartagenaaldia.com\/index.php\/2025\/07\/24\/solido-liderazgo-de-cemento-pais-impulsa-calidad-en-la-construccion-caribena\/","title":{"rendered":"S\u00f3lido liderazgo de Cemento Pa\u00eds impulsa calidad en la construcci\u00f3n caribe\u00f1a"},"content":{"rendered":"\n<p><strong>Cemento Pa\u00eds se consolida como la marca l\u00edder en la industria de construcci\u00f3n de la Regi\u00f3n Caribe,<\/strong> gracias a su compromiso con la <strong>calidad superior<\/strong> y un servicio orientado a satisfacer las necesidades de constructores y ferreteros. Con una s\u00f3lida trayectoria, la empresa se ha convertido en la <strong>opci\u00f3n preferida en el canal ferretero<\/strong> y en la <strong>referencia en concretos en Cartagena<\/strong> y sus alrededores.<\/p>\n\n\n\n<p>El <strong>Gerente Comercial de Cemento Pa\u00eds, Carlos Espinosa Osorio<\/strong>, expres\u00f3 que el \u00e9xito de la empresa radica en su apuesta constante por la excelencia y la innovaci\u00f3n: \u201c<strong>Nuestra calidad y servicio nos permiten mantenernos a la vanguardia en la industria de la construcci\u00f3n.<\/strong> Estamos orgullosos de ser la opci\u00f3n preferida de nuestros clientes\u201d.<\/p>\n\n\n\n<p>Con presencia en las principales ciudades de la regi\u00f3n, como <strong>Cartagena y Barranquilla<\/strong>, Cemento Pa\u00eds ha reforzado su red de distribuci\u00f3n y atenci\u00f3n al cliente, garantizando tiempos \u00f3ptimos de entrega, asesor\u00eda t\u00e9cnica y disponibilidad constante de productos que cumplen con los m\u00e1s altos est\u00e1ndares.<\/p>\n\n\n\n<p>El posicionamiento de Cemento Pa\u00eds no solo obedece a su producto, sino tambi\u00e9n a la <strong>cercan\u00eda con el sector ferretero<\/strong>, entendiendo sus din\u00e1micas y contribuyendo al desarrollo econ\u00f3mico del gremio. El liderazgo de la marca es respaldado por la <strong>confianza del sector constructor<\/strong>, que ha encontrado en esta empresa un aliado estrat\u00e9gico para proyectos de diversa envergadura.<\/p>\n\n\n\n<p><strong>En un mercado altamente competitivo, la diferenciaci\u00f3n de Cemento Pa\u00eds est\u00e1 en la promesa de calidad respaldada por resultados comprobables,<\/strong> lo que ha generado fidelidad entre sus clientes y una creciente participaci\u00f3n en el mercado caribe\u00f1o.<\/p>\n\n\n\n<p><strong>Hacia el futuro: crecimiento con sostenibilidad y compromiso<\/strong><\/p>\n\n\n\n<p>El crecimiento sostenido de Cemento Pa\u00eds se proyecta con una visi\u00f3n clara: <strong>seguir expandiendo su presencia en la regi\u00f3n<\/strong> con estrategias enfocadas en la sostenibilidad, la innovaci\u00f3n en productos, y el fortalecimiento de alianzas con el sector constructor. Este enfoque posiciona a la empresa no solo como proveedor, sino como un <strong>actor clave en el desarrollo de infraestructura y vivienda digna<\/strong>.<\/p>\n\n\n\n<p><strong>Cemento Pa\u00eds sigue construyendo confianza, calidad y desarrollo en cada saco.<\/strong><\/p>\n\n\n\n<div class=\"wp-block-media-text is-stacked-on-mobile is-image-fill-element\"><figure  class=\"wp-block-media-text__media\"><img fetchpriority=\"high\" decoding=\"async\" width=\"1200\" height=\"750\" alt=\"\" src=\"https:\/\/cartagenaaldia.com\/wp-content\/uploads\/2025\/07\/Cemento-Pais-Calidad-Garantizada.webp\" style=\"object-position:50% 50%;\" class=\"wp-image-10316 size-full\"><\/figure><div class=\"wp-block-media-text__content\">\n<p>Cemento Pa\u00eds, l\u00edder en calidad y servicio en la Regi\u00f3n Caribe, sigue posicion\u00e1ndose como la opci\u00f3n preferida en el canal ferretero y en concretos en Cartagena. Lo afirm\u00f3 Carlos Espinosa Osorio, Gerente Comercial. La empresa contin\u00faa a la vanguardia de la construcci\u00f3n gracias a su compromiso con la excelencia y la innovaci\u00f3n.<\/p>\n<\/div><\/div>\n","protected":false},"excerpt":{"rendered":"<p>Cemento Pa\u00eds fortalece su liderazgo en calidad y servicio para la industria de construcci\u00f3n en Cartagena<\/p>\n","protected":false},"author":2,"featured_media":10316,"comment_status":"closed","ping_status":"closed","sticky":false,"template":"","format":"standard","meta":{"om_disable_all_campaigns":false,"_monsterinsights_skip_tracking":false,"_monsterinsights_sitenote_active":false,"_monsterinsights_sitenote_note":"","_monsterinsights_sitenote_category":0,"footnotes":""},"categories":[110,103,102],"tags":[213,214,837,353],"class_list":["post-10313","post","type-post","status-publish","format-standard","has-post-thumbnail","hentry","category-bolivar","category-economia","category-generales","tag-camacol","tag-camacol-bolivar","tag-camara-colombiana-construccion","tag-cemento-pais"],"_links":{"self":[{"href":"https:\/\/cartagenaaldia.com\/index.php\/wp-json\/wp\/v2\/posts\/10313","targetHints":{"allow":["GET"]}}],"collection":[{"href":"https:\/\/cartagenaaldia.com\/index.php\/wp-json\/wp\/v2\/posts"}],"about":[{"href":"https:\/\/cartagenaaldia.com\/index.php\/wp-json\/wp\/v2\/types\/post"}],"author":[{"embeddable":true,"href":"https:\/\/cartagenaaldia.com\/index.php\/wp-json\/wp\/v2\/users\/2"}],"replies":[{"embeddable":true,"href":"https:\/\/cartagenaaldia.com\/index.php\/wp-json\/wp\/v2\/comments?post=10313"}],"version-history":[{"count":3,"href":"https:\/\/cartagenaaldia.com\/index.php\/wp-json\/wp\/v2\/posts\/10313\/revisions"}],"predecessor-version":[{"id":10317,"href":"https:\/\/cartagenaaldia.com\/index.php\/wp-json\/wp\/v2\/posts\/10313\/revisions\/10317"}],"wp:featuredmedia":[{"embeddable":true,"href":"https:\/\/cartagenaaldia.com\/index.php\/wp-json\/wp\/v2\/media\/10316"}],"wp:attachment":[{"href":"https:\/\/cartagenaaldia.com\/index.php\/wp-json\/wp\/v2\/media?parent=10313"}],"wp:term":[{"taxonomy":"category","embeddable":true,"href":"https:\/\/cartagenaaldia.com\/index.php\/wp-json\/wp\/v2\/categories?post=10313"},{"taxonomy":"post_tag","embeddable":true,"href":"https:\/\/cartagenaaldia.com\/index.php\/wp-json\/wp\/v2\/tags?post=10313"}],"curies":[{"name":"wp","href":"https:\/\/api.w.org\/{rel}","templated":true}]}}