{"id":10252,"date":"2025-07-19T22:38:08","date_gmt":"2025-07-20T03:38:08","guid":{"rendered":"https:\/\/cartagenaaldia.com\/?p=10252"},"modified":"2025-07-19T22:38:09","modified_gmt":"2025-07-20T03:38:09","slug":"inaceptable-agresion-de-turista-estadounidense-genera-danos-en-aeropuerto-de-cartagena","status":"publish","type":"post","link":"https:\/\/cartagenaaldia.com\/index.php\/2025\/07\/19\/inaceptable-agresion-de-turista-estadounidense-genera-danos-en-aeropuerto-de-cartagena\/","title":{"rendered":"Inaceptable agresi\u00f3n de turista estadounidense genera da\u00f1os en aeropuerto de Cartagena"},"content":{"rendered":"\n<p><strong>La Alcald\u00eda del Distrito de Cartagena rechaz\u00f3 en\u00e9rgicamente los actos violentos protagonizados por un ciudadano estadounidense<\/strong> en el Aeropuerto Internacional Rafael N\u00fa\u00f1ez, el pasado jueves. Emanuel Hern\u00e1ndez, de 42 a\u00f1os, <strong>caus\u00f3 destrozos materiales en las oficinas de Migraci\u00f3n Colombia<\/strong>, tras protagonizar un altercado que termin\u00f3 con serias afectaciones en bienes p\u00fablicos.<\/p>\n\n\n\n<p><strong>Escritorios, computadores, cub\u00edculos, sillas y otros elementos de oficina resultaron destruidos<\/strong> en medio del ataque, lo cual motiv\u00f3 la intervenci\u00f3n de las autoridades locales. El ciudadano fue <strong>detenido en flagrancia y denunciado penalmente por el delito de da\u00f1o en bien ajeno<\/strong>, seg\u00fan confirm\u00f3 la Direcci\u00f3n Regional de Migraci\u00f3n Colombia.<\/p>\n\n\n\n<p>Desde el gobierno distrital, a trav\u00e9s de la Secretar\u00eda del Interior y Convivencia Ciudadana, <strong>se hizo un llamado firme al ciudadano extranjero para que asuma la totalidad de los da\u00f1os causados<\/strong> y ofrezca <strong>disculpas p\u00fablicas por su comportamiento<\/strong>. La Alcald\u00eda tambi\u00e9n reiter\u00f3 su compromiso con la <strong>defensa del orden p\u00fablico y el respeto a las instituciones<\/strong>.<\/p>\n\n\n\n<p>\u201cEl comportamiento de este ciudadano representa un irrespeto inaceptable hacia Cartagena y su gente. <strong>Cartagena se respeta. No vamos a permitir que se empa\u00f1e la imagen de nuestra ciudad<\/strong> ni los esfuerzos de esta administraci\u00f3n por garantizar un turismo seguro, familiar y sostenible,\u201d afirm\u00f3 <strong>Bruno Hern\u00e1ndez<\/strong>, secretario del Interior.<\/p>\n\n\n\n<p><strong>Este hecho no solo afecta f\u00edsicamente una infraestructura esencial para el control migratorio<\/strong>, sino que tambi\u00e9n constituye un agravio simb\u00f3lico hacia los funcionarios que laboran en condiciones de alta exigencia. <strong>La Alcald\u00eda insiste en que Cartagena es una ciudad abierta al mundo, pero exige respeto y responsabilidad de sus visitantes.<\/strong><\/p>\n\n\n\n<p><strong>La administraci\u00f3n distrital continuar\u00e1 promoviendo una pol\u00edtica de cero tolerancia frente a los actos de violencia, especialmente aquellos que lesionan el tejido institucional y social.<\/strong> Se espera que las autoridades judiciales act\u00faen con celeridad, mientras que la opini\u00f3n p\u00fablica internacional observa con atenci\u00f3n la respuesta del Estado colombiano ante este tipo de incidentes.<\/p>\n\n\n\n<div class=\"wp-block-media-text is-stacked-on-mobile is-image-fill-element\"><figure  class=\"wp-block-media-text__media\"><img fetchpriority=\"high\" decoding=\"async\" width=\"1200\" height=\"750\" alt=\"\" src=\"https:\/\/cartagenaaldia.com\/wp-content\/uploads\/2025\/07\/Bruno-Hernandez-Caso-Migracion-.webp\" style=\"object-position:50% 50%;\" class=\"wp-image-10256 size-full\"><\/figure><div class=\"wp-block-media-text__content\">\n<p>En Cartagena, el jueves pasado, un ciudadano estadounidense caus\u00f3 destrozos en Migraci\u00f3n Colombia del aeropuerto Rafael N\u00fa\u00f1ez. Emanuel Hern\u00e1ndez fue detenido por da\u00f1os materiales y denunciado penalmente. La Alcald\u00eda exige disculpas p\u00fablicas y el pago de las p\u00e9rdidas. El Distrito reafirma su compromiso con el orden, respeto y seguridad institucional.<\/p>\n<\/div><\/div>\n","protected":false},"excerpt":{"rendered":"<p>Inaceptable agresi\u00f3n de turista estadounidense genera da\u00f1os en aeropuerto de Cartagena<\/p>\n","protected":false},"author":2,"featured_media":10256,"comment_status":"closed","ping_status":"closed","sticky":false,"template":"","format":"standard","meta":{"om_disable_all_campaigns":false,"_monsterinsights_skip_tracking":false,"_monsterinsights_sitenote_active":false,"_monsterinsights_sitenote_note":"","_monsterinsights_sitenote_category":0,"footnotes":""},"categories":[115,102,105],"tags":[348,275,833],"class_list":["post-10252","post","type-post","status-publish","format-standard","has-post-thumbnail","hentry","category-colombia","category-generales","category-politica","tag-aeropuerto-internacional-rafael-nunez","tag-alcaldia-cartagena","tag-bruno-hernandez"],"_links":{"self":[{"href":"https:\/\/cartagenaaldia.com\/index.php\/wp-json\/wp\/v2\/posts\/10252","targetHints":{"allow":["GET"]}}],"collection":[{"href":"https:\/\/cartagenaaldia.com\/index.php\/wp-json\/wp\/v2\/posts"}],"about":[{"href":"https:\/\/cartagenaaldia.com\/index.php\/wp-json\/wp\/v2\/types\/post"}],"author":[{"embeddable":true,"href":"https:\/\/cartagenaaldia.com\/index.php\/wp-json\/wp\/v2\/users\/2"}],"replies":[{"embeddable":true,"href":"https:\/\/cartagenaaldia.com\/index.php\/wp-json\/wp\/v2\/comments?post=10252"}],"version-history":[{"count":3,"href":"https:\/\/cartagenaaldia.com\/index.php\/wp-json\/wp\/v2\/posts\/10252\/revisions"}],"predecessor-version":[{"id":10255,"href":"https:\/\/cartagenaaldia.com\/index.php\/wp-json\/wp\/v2\/posts\/10252\/revisions\/10255"}],"wp:featuredmedia":[{"embeddable":true,"href":"https:\/\/cartagenaaldia.com\/index.php\/wp-json\/wp\/v2\/media\/10256"}],"wp:attachment":[{"href":"https:\/\/cartagenaaldia.com\/index.php\/wp-json\/wp\/v2\/media?parent=10252"}],"wp:term":[{"taxonomy":"category","embeddable":true,"href":"https:\/\/cartagenaaldia.com\/index.php\/wp-json\/wp\/v2\/categories?post=10252"},{"taxonomy":"post_tag","embeddable":true,"href":"https:\/\/cartagenaaldia.com\/index.php\/wp-json\/wp\/v2\/tags?post=10252"}],"curies":[{"name":"wp","href":"https:\/\/api.w.org\/{rel}","templated":true}]}}