{"id":10185,"date":"2025-07-15T18:38:54","date_gmt":"2025-07-15T23:38:54","guid":{"rendered":"https:\/\/cartagenaaldia.com\/?p=10185"},"modified":"2025-07-15T18:38:54","modified_gmt":"2025-07-15T23:38:54","slug":"relevante-encuesta-confirma-compromiso-empresarial-con-inversion-social-en-colombia-desde-2015","status":"publish","type":"post","link":"https:\/\/cartagenaaldia.com\/index.php\/2025\/07\/15\/relevante-encuesta-confirma-compromiso-empresarial-con-inversion-social-en-colombia-desde-2015\/","title":{"rendered":"Relevante encuesta confirma compromiso empresarial con inversi\u00f3n social en Colombia desde 2015"},"content":{"rendered":"\n<p><strong>La Asociaci\u00f3n Nacional de Empresarios de Colombia (ANDI) y su Fundaci\u00f3n presentaron los resultados de la Quinta Encuesta de Arquitectura Social Estrat\u00e9gica<\/strong>, una herramienta dise\u00f1ada para <strong>mapear el estado de la inversi\u00f3n social empresarial en Colombia<\/strong>. Esta medici\u00f3n reafirma el compromiso del sector privado con la transformaci\u00f3n del pa\u00eds, desde un enfoque de equidad, sostenibilidad e inclusi\u00f3n.<\/p>\n\n\n\n<p>Desde 2015, esta encuesta permite identificar fortalezas, retos y oportunidades en las estrategias sociales de las empresas afiliadas a la ANDI. En su quinta edici\u00f3n, los hallazgos consolidan la inversi\u00f3n social como una herramienta clave <strong>no solo para generar impacto social positivo<\/strong>, sino tambi\u00e9n para construir un entorno empresarial m\u00e1s responsable y resiliente.<\/p>\n\n\n\n<p><strong>Bruce Mac Master, presidente de la ANDI, destac\u00f3 que las empresas afiliadas est\u00e1n comprometidas con poblaciones tradicionalmente desatendidas<\/strong>, a trav\u00e9s de pr\u00e1cticas voluntarias que impulsan el bienestar colectivo y fortalecen el empleo formal. \u201cLa inversi\u00f3n social empresarial no es caridad, es una <strong>estrategia s\u00f3lida de transformaci\u00f3n social y econ\u00f3mica<\/strong>\u201d, asegur\u00f3 el l\u00edder gremial.<\/p>\n\n\n\n<p><strong>La medici\u00f3n revela que las empresas est\u00e1n asumiendo un rol protag\u00f3nico en la creaci\u00f3n de valor compartido<\/strong>, integrando el prop\u00f3sito social a sus operaciones. A trav\u00e9s de programas que abordan necesidades urgentes del pa\u00eds, se consolidan modelos m\u00e1s sostenibles, justos y alineados con los Objetivos de Desarrollo Sostenible.<\/p>\n\n\n\n<p><strong>Esta quinta medici\u00f3n reafirma que Colombia cuenta con un tejido empresarial cada vez m\u00e1s consciente de su impacto social.<\/strong> La Encuesta de Arquitectura Social Estrat\u00e9gica se convierte as\u00ed en una br\u00fajula para orientar acciones de alto valor, y en una base para que las empresas afiancen su rol como agentes de cambio. La ANDI invita a seguir fortaleciendo estas pr\u00e1cticas para avanzar hacia una Colombia m\u00e1s equitativa, sostenible y comprometida con su gente.<\/p>\n\n\n\n<div class=\"wp-block-media-text is-stacked-on-mobile is-image-fill-element\"><figure  class=\"wp-block-media-text__media\"><img fetchpriority=\"high\" decoding=\"async\" width=\"1200\" height=\"750\" alt=\"\" src=\"https:\/\/cartagenaaldia.com\/wp-content\/uploads\/2025\/07\/ANDI-RSE-Encuesta.webp\" style=\"object-position:50% 50%;\" class=\"wp-image-10187 size-full\"><\/figure><div class=\"wp-block-media-text__content\">\n<p>La ANDI y su Fundaci\u00f3n presentaron en Colombia, este mes, los resultados de su quinta Encuesta de Arquitectura Social Estrat\u00e9gica. Desde 2015, mide la inversi\u00f3n social empresarial. Bruce Mac Master afirm\u00f3 que las empresas afiliadas impulsan equidad, inclusi\u00f3n y bienestar colectivo como parte de su compromiso con el desarrollo del pa\u00eds.<\/p>\n<\/div><\/div>\n\n\n\n<p><strong>Esta es la encuesta<\/strong><\/p>\n\n\n\n<figure class=\"wp-block-image size-large\"><img decoding=\"async\" width=\"1024\" height=\"663\" src=\"https:\/\/cartagenaaldia.com\/wp-content\/uploads\/2025\/07\/Paper-5-ed-Inversion-Social-Empresarial-2025_00001-1024x663.webp\" alt=\"\" class=\"wp-image-10189\"\/><\/figure>\n\n\n\n<figure class=\"wp-block-image size-large\"><img decoding=\"async\" width=\"1024\" height=\"663\" src=\"https:\/\/cartagenaaldia.com\/wp-content\/uploads\/2025\/07\/Paper-5-ed-Inversion-Social-Empresarial-2025_00002-1024x663.webp\" alt=\"\" class=\"wp-image-10190\"\/><\/figure>\n\n\n\n<figure class=\"wp-block-image size-large\"><img loading=\"lazy\" decoding=\"async\" width=\"1024\" height=\"663\" src=\"https:\/\/cartagenaaldia.com\/wp-content\/uploads\/2025\/07\/Paper-5-ed-Inversion-Social-Empresarial-2025_00003-1024x663.webp\" alt=\"\" class=\"wp-image-10191\"\/><\/figure>\n\n\n\n<figure class=\"wp-block-image size-large\"><img loading=\"lazy\" decoding=\"async\" width=\"1024\" height=\"663\" src=\"https:\/\/cartagenaaldia.com\/wp-content\/uploads\/2025\/07\/Paper-5-ed-Inversion-Social-Empresarial-2025_00004-1024x663.webp\" alt=\"\" class=\"wp-image-10192\"\/><\/figure>\n\n\n\n<figure class=\"wp-block-image size-large\"><img loading=\"lazy\" decoding=\"async\" width=\"1024\" height=\"663\" src=\"https:\/\/cartagenaaldia.com\/wp-content\/uploads\/2025\/07\/Paper-5-ed-Inversion-Social-Empresarial-2025_00005-1024x663.webp\" alt=\"\" class=\"wp-image-10193\"\/><\/figure>\n\n\n\n<figure class=\"wp-block-image size-large\"><img loading=\"lazy\" decoding=\"async\" width=\"1024\" height=\"663\" src=\"https:\/\/cartagenaaldia.com\/wp-content\/uploads\/2025\/07\/Paper-5-ed-Inversion-Social-Empresarial-2025_00006-1024x663.webp\" alt=\"\" class=\"wp-image-10194\"\/><\/figure>\n\n\n\n<figure class=\"wp-block-image size-large\"><img loading=\"lazy\" decoding=\"async\" width=\"1024\" height=\"663\" src=\"https:\/\/cartagenaaldia.com\/wp-content\/uploads\/2025\/07\/Paper-5-ed-Inversion-Social-Empresarial-2025_00007-1024x663.webp\" alt=\"\" class=\"wp-image-10195\"\/><\/figure>\n\n\n\n<figure class=\"wp-block-image size-large\"><img loading=\"lazy\" decoding=\"async\" width=\"1024\" height=\"663\" src=\"https:\/\/cartagenaaldia.com\/wp-content\/uploads\/2025\/07\/Paper-5-ed-Inversion-Social-Empresarial-2025_00008-1024x663.webp\" alt=\"\" class=\"wp-image-10196\"\/><\/figure>\n\n\n\n<figure class=\"wp-block-image size-large\"><img loading=\"lazy\" decoding=\"async\" width=\"1024\" height=\"663\" src=\"https:\/\/cartagenaaldia.com\/wp-content\/uploads\/2025\/07\/Paper-5-ed-Inversion-Social-Empresarial-2025_00009-1024x663.webp\" alt=\"\" class=\"wp-image-10197\"\/><\/figure>\n\n\n\n<figure class=\"wp-block-image size-large\"><img loading=\"lazy\" decoding=\"async\" width=\"1024\" height=\"663\" src=\"https:\/\/cartagenaaldia.com\/wp-content\/uploads\/2025\/07\/Paper-5-ed-Inversion-Social-Empresarial-2025_00010-1024x663.webp\" alt=\"\" class=\"wp-image-10198\"\/><\/figure>\n\n\n\n<figure class=\"wp-block-image size-large\"><img loading=\"lazy\" decoding=\"async\" width=\"1024\" height=\"663\" src=\"https:\/\/cartagenaaldia.com\/wp-content\/uploads\/2025\/07\/Paper-5-ed-Inversion-Social-Empresarial-2025_00011-1024x663.webp\" alt=\"\" class=\"wp-image-10199\"\/><\/figure>\n\n\n\n<figure class=\"wp-block-image size-large\"><img loading=\"lazy\" decoding=\"async\" width=\"1024\" height=\"663\" src=\"https:\/\/cartagenaaldia.com\/wp-content\/uploads\/2025\/07\/Paper-5-ed-Inversion-Social-Empresarial-2025_00012-1024x663.webp\" alt=\"\" class=\"wp-image-10200\"\/><\/figure>\n\n\n\n<figure class=\"wp-block-image size-large\"><img loading=\"lazy\" decoding=\"async\" width=\"1024\" height=\"663\" src=\"https:\/\/cartagenaaldia.com\/wp-content\/uploads\/2025\/07\/Paper-5-ed-Inversion-Social-Empresarial-2025_00013-1024x663.webp\" alt=\"\" class=\"wp-image-10201\"\/><\/figure>\n\n\n\n<figure class=\"wp-block-image size-large\"><img loading=\"lazy\" decoding=\"async\" width=\"1024\" height=\"663\" src=\"https:\/\/cartagenaaldia.com\/wp-content\/uploads\/2025\/07\/Paper-5-ed-Inversion-Social-Empresarial-2025_00014-1024x663.webp\" alt=\"\" class=\"wp-image-10202\"\/><\/figure>\n\n\n\n<figure class=\"wp-block-gallery has-nested-images columns-default is-cropped wp-block-gallery-2 is-layout-flex wp-block-gallery-is-layout-flex\">\n<figure class=\"wp-block-image size-large\"><img loading=\"lazy\" decoding=\"async\" width=\"1024\" height=\"663\" data-id=\"10203\" src=\"https:\/\/cartagenaaldia.com\/wp-content\/uploads\/2025\/07\/Paper-5-ed-Inversion-Social-Empresarial-2025_00015-1024x663.webp\" alt=\"\" class=\"wp-image-10203\"\/><\/figure>\n<\/figure>\n\n\n\n<figure class=\"wp-block-image size-large\"><img loading=\"lazy\" decoding=\"async\" width=\"1024\" height=\"663\" src=\"https:\/\/cartagenaaldia.com\/wp-content\/uploads\/2025\/07\/Paper-5-ed-Inversion-Social-Empresarial-2025_00016-1024x663.webp\" alt=\"\" class=\"wp-image-10204\"\/><\/figure>\n\n\n\n<figure class=\"wp-block-image size-large\"><img loading=\"lazy\" decoding=\"async\" width=\"1024\" height=\"663\" src=\"https:\/\/cartagenaaldia.com\/wp-content\/uploads\/2025\/07\/Paper-5-ed-Inversion-Social-Empresarial-2025_00017-1024x663.webp\" alt=\"\" class=\"wp-image-10205\"\/><\/figure>\n\n\n\n<figure class=\"wp-block-image size-large\"><img loading=\"lazy\" decoding=\"async\" width=\"1024\" height=\"663\" src=\"https:\/\/cartagenaaldia.com\/wp-content\/uploads\/2025\/07\/Paper-5-ed-Inversion-Social-Empresarial-2025_00018-1024x663.webp\" alt=\"\" class=\"wp-image-10206\"\/><\/figure>\n\n\n\n<figure class=\"wp-block-image size-large\"><img loading=\"lazy\" decoding=\"async\" width=\"1024\" height=\"663\" src=\"https:\/\/cartagenaaldia.com\/wp-content\/uploads\/2025\/07\/Paper-5-ed-Inversion-Social-Empresarial-2025_00019-1024x663.webp\" alt=\"\" class=\"wp-image-10207\"\/><\/figure>\n\n\n\n<figure class=\"wp-block-image size-large\"><img loading=\"lazy\" decoding=\"async\" width=\"1024\" height=\"663\" src=\"https:\/\/cartagenaaldia.com\/wp-content\/uploads\/2025\/07\/Paper-5-ed-Inversion-Social-Empresarial-2025_00020-1024x663.webp\" alt=\"\" class=\"wp-image-10208\"\/><\/figure>\n\n\n\n<figure class=\"wp-block-image size-large\"><img loading=\"lazy\" decoding=\"async\" width=\"1024\" height=\"663\" src=\"https:\/\/cartagenaaldia.com\/wp-content\/uploads\/2025\/07\/Paper-5-ed-Inversion-Social-Empresarial-2025_00021-1024x663.webp\" alt=\"\" class=\"wp-image-10209\"\/><\/figure>\n\n\n\n<figure class=\"wp-block-image size-large\"><img loading=\"lazy\" decoding=\"async\" width=\"1024\" height=\"663\" src=\"https:\/\/cartagenaaldia.com\/wp-content\/uploads\/2025\/07\/Paper-5-ed-Inversion-Social-Empresarial-2025_00022-1024x663.webp\" alt=\"\" class=\"wp-image-10210\"\/><\/figure>\n\n\n\n<figure class=\"wp-block-image size-large\"><img loading=\"lazy\" decoding=\"async\" width=\"1024\" height=\"663\" src=\"https:\/\/cartagenaaldia.com\/wp-content\/uploads\/2025\/07\/Paper-5-ed-Inversion-Social-Empresarial-2025_00023-1024x663.webp\" alt=\"\" class=\"wp-image-10211\"\/><\/figure>\n\n\n\n<figure class=\"wp-block-image size-large\"><img loading=\"lazy\" decoding=\"async\" width=\"1024\" height=\"663\" src=\"https:\/\/cartagenaaldia.com\/wp-content\/uploads\/2025\/07\/Paper-5-ed-Inversion-Social-Empresarial-2025_00024-1024x663.webp\" alt=\"\" class=\"wp-image-10212\"\/><\/figure>\n\n\n\n<figure class=\"wp-block-image size-large\"><img loading=\"lazy\" decoding=\"async\" width=\"1024\" height=\"663\" src=\"https:\/\/cartagenaaldia.com\/wp-content\/uploads\/2025\/07\/Paper-5-ed-Inversion-Social-Empresarial-2025_00025-1024x663.webp\" alt=\"\" class=\"wp-image-10213\"\/><\/figure>\n\n\n\n<figure class=\"wp-block-image size-large\"><img loading=\"lazy\" decoding=\"async\" width=\"1024\" height=\"663\" src=\"https:\/\/cartagenaaldia.com\/wp-content\/uploads\/2025\/07\/Paper-5-ed-Inversion-Social-Empresarial-2025_00026-1024x663.webp\" alt=\"\" class=\"wp-image-10214\"\/><\/figure>\n\n\n\n<figure class=\"wp-block-image size-large\"><img loading=\"lazy\" decoding=\"async\" width=\"1024\" height=\"663\" src=\"https:\/\/cartagenaaldia.com\/wp-content\/uploads\/2025\/07\/Paper-5-ed-Inversion-Social-Empresarial-2025_00027-1024x663.webp\" alt=\"\" class=\"wp-image-10215\"\/><\/figure>\n\n\n\n<figure class=\"wp-block-image size-large\"><img loading=\"lazy\" decoding=\"async\" width=\"1024\" height=\"663\" src=\"https:\/\/cartagenaaldia.com\/wp-content\/uploads\/2025\/07\/Paper-5-ed-Inversion-Social-Empresarial-2025_00028-1024x663.webp\" alt=\"\" class=\"wp-image-10216\"\/><\/figure>\n\n\n\n<figure class=\"wp-block-image size-large\"><img loading=\"lazy\" decoding=\"async\" width=\"1024\" height=\"663\" src=\"https:\/\/cartagenaaldia.com\/wp-content\/uploads\/2025\/07\/Paper-5-ed-Inversion-Social-Empresarial-2025_00029-1024x663.webp\" alt=\"\" class=\"wp-image-10217\"\/><\/figure>\n\n\n\n<figure class=\"wp-block-image size-large\"><img loading=\"lazy\" decoding=\"async\" width=\"1024\" height=\"663\" src=\"https:\/\/cartagenaaldia.com\/wp-content\/uploads\/2025\/07\/Paper-5-ed-Inversion-Social-Empresarial-2025_00030-1024x663.webp\" alt=\"\" class=\"wp-image-10218\"\/><\/figure>\n\n\n\n<figure class=\"wp-block-image size-large\"><img loading=\"lazy\" decoding=\"async\" width=\"1024\" height=\"663\" src=\"https:\/\/cartagenaaldia.com\/wp-content\/uploads\/2025\/07\/Paper-5-ed-Inversion-Social-Empresarial-2025_00031-1024x663.webp\" alt=\"\" class=\"wp-image-10219\"\/><\/figure>\n\n\n\n<figure class=\"wp-block-image size-large\"><img loading=\"lazy\" decoding=\"async\" width=\"1024\" height=\"663\" src=\"https:\/\/cartagenaaldia.com\/wp-content\/uploads\/2025\/07\/Paper-5-ed-Inversion-Social-Empresarial-2025_00032-1024x663.webp\" alt=\"\" class=\"wp-image-10220\"\/><\/figure>\n\n\n\n<figure class=\"wp-block-image size-large\"><img loading=\"lazy\" decoding=\"async\" width=\"1024\" height=\"663\" src=\"https:\/\/cartagenaaldia.com\/wp-content\/uploads\/2025\/07\/Paper-5-ed-Inversion-Social-Empresarial-2025_00033-1024x663.webp\" alt=\"\" class=\"wp-image-10221\"\/><\/figure>\n\n\n\n<figure class=\"wp-block-image size-large\"><img loading=\"lazy\" decoding=\"async\" width=\"1024\" height=\"663\" src=\"https:\/\/cartagenaaldia.com\/wp-content\/uploads\/2025\/07\/Paper-5-ed-Inversion-Social-Empresarial-2025_00034-1024x663.webp\" alt=\"\" class=\"wp-image-10222\"\/><\/figure>\n\n\n\n<figure class=\"wp-block-image size-large\"><img loading=\"lazy\" decoding=\"async\" width=\"1024\" height=\"663\" src=\"https:\/\/cartagenaaldia.com\/wp-content\/uploads\/2025\/07\/Paper-5-ed-Inversion-Social-Empresarial-2025_00035-1024x663.webp\" alt=\"\" class=\"wp-image-10223\"\/><\/figure>\n\n\n\n<figure class=\"wp-block-image size-large\"><img loading=\"lazy\" decoding=\"async\" width=\"1024\" height=\"663\" src=\"https:\/\/cartagenaaldia.com\/wp-content\/uploads\/2025\/07\/Paper-5-ed-Inversion-Social-Empresarial-2025_00036-1024x663.webp\" alt=\"\" class=\"wp-image-10224\"\/><\/figure>\n\n\n\n<figure class=\"wp-block-image size-large\"><img loading=\"lazy\" decoding=\"async\" width=\"1024\" height=\"663\" src=\"https:\/\/cartagenaaldia.com\/wp-content\/uploads\/2025\/07\/Paper-5-ed-Inversion-Social-Empresarial-2025_00037-1024x663.webp\" alt=\"\" class=\"wp-image-10225\"\/><\/figure>\n","protected":false},"excerpt":{"rendered":"<p>Empresas afiliadas a la ANDI fortalecen equidad y sostenibilidad mediante inversi\u00f3n social empresarial estructurada<\/p>\n","protected":false},"author":2,"featured_media":10187,"comment_status":"closed","ping_status":"closed","sticky":false,"template":"","format":"standard","meta":{"om_disable_all_campaigns":false,"_monsterinsights_skip_tracking":false,"_monsterinsights_sitenote_active":false,"_monsterinsights_sitenote_note":"","_monsterinsights_sitenote_category":0,"footnotes":""},"categories":[115,103,102],"tags":[222,832],"class_list":["post-10185","post","type-post","status-publish","format-standard","has-post-thumbnail","hentry","category-colombia","category-economia","category-generales","tag-andi","tag-fundacion-andi"],"_links":{"self":[{"href":"https:\/\/cartagenaaldia.com\/index.php\/wp-json\/wp\/v2\/posts\/10185","targetHints":{"allow":["GET"]}}],"collection":[{"href":"https:\/\/cartagenaaldia.com\/index.php\/wp-json\/wp\/v2\/posts"}],"about":[{"href":"https:\/\/cartagenaaldia.com\/index.php\/wp-json\/wp\/v2\/types\/post"}],"author":[{"embeddable":true,"href":"https:\/\/cartagenaaldia.com\/index.php\/wp-json\/wp\/v2\/users\/2"}],"replies":[{"embeddable":true,"href":"https:\/\/cartagenaaldia.com\/index.php\/wp-json\/wp\/v2\/comments?post=10185"}],"version-history":[{"count":3,"href":"https:\/\/cartagenaaldia.com\/index.php\/wp-json\/wp\/v2\/posts\/10185\/revisions"}],"predecessor-version":[{"id":10226,"href":"https:\/\/cartagenaaldia.com\/index.php\/wp-json\/wp\/v2\/posts\/10185\/revisions\/10226"}],"wp:featuredmedia":[{"embeddable":true,"href":"https:\/\/cartagenaaldia.com\/index.php\/wp-json\/wp\/v2\/media\/10187"}],"wp:attachment":[{"href":"https:\/\/cartagenaaldia.com\/index.php\/wp-json\/wp\/v2\/media?parent=10185"}],"wp:term":[{"taxonomy":"category","embeddable":true,"href":"https:\/\/cartagenaaldia.com\/index.php\/wp-json\/wp\/v2\/categories?post=10185"},{"taxonomy":"post_tag","embeddable":true,"href":"https:\/\/cartagenaaldia.com\/index.php\/wp-json\/wp\/v2\/tags?post=10185"}],"curies":[{"name":"wp","href":"https:\/\/api.w.org\/{rel}","templated":true}]}}