{"id":10181,"date":"2025-07-15T18:43:40","date_gmt":"2025-07-15T23:43:40","guid":{"rendered":"https:\/\/cartagenaaldia.com\/?p=10181"},"modified":"2025-07-15T18:43:41","modified_gmt":"2025-07-15T23:43:41","slug":"historica-inversion-social-empresarial-mejora-equidad-e-inclusion-en-colombia-segun-encuesta-andi","status":"publish","type":"post","link":"https:\/\/cartagenaaldia.com\/index.php\/2025\/07\/15\/historica-inversion-social-empresarial-mejora-equidad-e-inclusion-en-colombia-segun-encuesta-andi\/","title":{"rendered":"Hist\u00f3rica inversi\u00f3n social empresarial mejora equidad e inclusi\u00f3n en Colombia, seg\u00fan encuesta ANDI"},"content":{"rendered":"\n<p><strong>La Asociaci\u00f3n Nacional de Empresarios de Colombia (ANDI) y su Fundaci\u00f3n presentaron los resultados de la quinta Encuesta de Arquitectura Social Estrat\u00e9gica,<\/strong> una medici\u00f3n aplicada a 504 empresas afiliadas al gremio para mapear el estado de la inversi\u00f3n social empresarial en el pa\u00eds. Esta versi\u00f3n de la encuesta reporta <strong>la cifra m\u00e1s alta registrada hasta la fecha: 5.8 billones de pesos en inversi\u00f3n social voluntaria.<\/strong><\/p>\n\n\n\n<p><strong>El estudio revela que las empresas colombianas no solo invierten, sino que lo hacen con prop\u00f3sito.<\/strong> El 74% de las compa\u00f1\u00edas afirm\u00f3 alinear sus estrategias sociales con su operaci\u00f3n, integrando sus objetivos de negocio con programas dirigidos a sus empleados, sus familias y comunidades. La filantrop\u00eda estrat\u00e9gica sigue siendo el enfoque dominante, presente en el 53% de los casos.<\/p>\n\n\n\n<p><strong>La sostenibilidad y la responsabilidad social empresarial son ejes transversales de esta apuesta.<\/strong> El 66% de las empresas encuestadas gestiona los impactos de su operaci\u00f3n mediante estrategias de RSE, enfocadas principalmente en mitigaci\u00f3n ambiental (79%) y educaci\u00f3n (44%). Adem\u00e1s, el 44% impulsa el voluntariado corporativo, fortaleciendo el sentido de pertenencia de sus colaboradores.<\/p>\n\n\n\n<p><strong>Bruce Mac Master, presidente de la ANDI, destac\u00f3 el compromiso del sector empresarial en la generaci\u00f3n de equidad, sostenibilidad e inclusi\u00f3n.<\/strong> \u201cNuestras empresas afiliadas le apuestan a poblaciones tradicionalmente desatendidas, con pr\u00e1cticas voluntarias que generan bienestar y fortalecen el empleo formal\u201d, se\u00f1al\u00f3.<\/p>\n\n\n\n<p>La encuesta tambi\u00e9n revel\u00f3 <strong>beneficios concretos<\/strong> de estas inversiones: <strong>mejora del clima laboral (45%), reputaci\u00f3n (34%), desempe\u00f1o (19%) y productividad (19%)<\/strong>. Otro dato clave es que el 52% de las empresas mide sus intervenciones sociales, lo que permite una evaluaci\u00f3n efectiva del impacto generado.<\/p>\n\n\n\n<p><strong>Esta quinta medici\u00f3n de la ANDI reafirma que la inversi\u00f3n social empresarial no es caridad, sino una estrategia s\u00f3lida de transformaci\u00f3n social y econ\u00f3mica.<\/strong> En un pa\u00eds con profundos desaf\u00edos estructurales, las empresas est\u00e1n asumiendo un rol clave en la creaci\u00f3n de valor compartido, impulsando modelos de inclusi\u00f3n, sostenibilidad y bienestar colectivo. La medici\u00f3n, vigente desde 2015, se consolida como una herramienta clave para fortalecer la gesti\u00f3n social privada y trazar el camino hacia una Colombia m\u00e1s equitativa.<\/p>\n\n\n\n<p><strong>Aqu\u00ed la encuesta<\/strong><\/p>\n\n\n\n<figure class=\"wp-block-embed is-type-wp-embed is-provider-incrustado wp-block-embed-incrustado\"><div class=\"wp-block-embed__wrapper\">\n<blockquote class=\"wp-embedded-content\" data-secret=\"yJx33GlrSk\"><a href=\"https:\/\/cartagenaaldia.com\/index.php\/2025\/07\/15\/relevante-encuesta-confirma-compromiso-empresarial-con-inversion-social-en-colombia-desde-2015\/\">Relevante encuesta confirma compromiso empresarial con inversi\u00f3n social en Colombia desde 2015<\/a><\/blockquote><iframe class=\"wp-embedded-content\" sandbox=\"allow-scripts\" security=\"restricted\" style=\"position: absolute; visibility: hidden;\" title=\"&#8220;Relevante encuesta confirma compromiso empresarial con inversi\u00f3n social en Colombia desde 2015&#8221; &#8212; \" src=\"https:\/\/cartagenaaldia.com\/index.php\/2025\/07\/15\/relevante-encuesta-confirma-compromiso-empresarial-con-inversion-social-en-colombia-desde-2015\/embed\/#?secret=5xFqiZcbe6#?secret=yJx33GlrSk\" data-secret=\"yJx33GlrSk\" width=\"500\" height=\"282\" frameborder=\"0\" marginwidth=\"0\" marginheight=\"0\" scrolling=\"no\"><\/iframe>\n<\/div><\/figure>\n\n\n\n<div class=\"wp-block-media-text is-stacked-on-mobile is-image-fill-element\"><figure  class=\"wp-block-media-text__media\"><img fetchpriority=\"high\" decoding=\"async\" width=\"1200\" height=\"750\" alt=\"\" src=\"https:\/\/cartagenaaldia.com\/wp-content\/uploads\/2025\/07\/ANDI-RSE.webp\" style=\"object-position:50% 50%;\" class=\"wp-image-10182 size-full\"><\/figure><div class=\"wp-block-media-text__content\">\n<p>La ANDI y su Fundaci\u00f3n presentaron en Colombia, este mes, los resultados de su quinta encuesta de inversi\u00f3n social empresarial. Aplicada a 504 empresas, arroj\u00f3 una inversi\u00f3n voluntaria hist\u00f3rica de 5.8 billones de pesos. Las estrategias se enfocan en sostenibilidad, equidad y bienestar, alineadas con la operaci\u00f3n empresarial.<\/p>\n<\/div><\/div>\n","protected":false},"excerpt":{"rendered":"<p>Inversi\u00f3n social empresarial en Colombia alcanza 5.8 billones con enfoque en equidad e inclusi\u00f3n laboral<\/p>\n","protected":false},"author":2,"featured_media":10182,"comment_status":"closed","ping_status":"closed","sticky":false,"template":"","format":"standard","meta":{"om_disable_all_campaigns":false,"_monsterinsights_skip_tracking":false,"_monsterinsights_sitenote_active":false,"_monsterinsights_sitenote_note":"","_monsterinsights_sitenote_category":0,"footnotes":""},"categories":[115,103,102],"tags":[222,831,832],"class_list":["post-10181","post","type-post","status-publish","format-standard","has-post-thumbnail","hentry","category-colombia","category-economia","category-generales","tag-andi","tag-colectivo-traso","tag-fundacion-andi"],"_links":{"self":[{"href":"https:\/\/cartagenaaldia.com\/index.php\/wp-json\/wp\/v2\/posts\/10181","targetHints":{"allow":["GET"]}}],"collection":[{"href":"https:\/\/cartagenaaldia.com\/index.php\/wp-json\/wp\/v2\/posts"}],"about":[{"href":"https:\/\/cartagenaaldia.com\/index.php\/wp-json\/wp\/v2\/types\/post"}],"author":[{"embeddable":true,"href":"https:\/\/cartagenaaldia.com\/index.php\/wp-json\/wp\/v2\/users\/2"}],"replies":[{"embeddable":true,"href":"https:\/\/cartagenaaldia.com\/index.php\/wp-json\/wp\/v2\/comments?post=10181"}],"version-history":[{"count":3,"href":"https:\/\/cartagenaaldia.com\/index.php\/wp-json\/wp\/v2\/posts\/10181\/revisions"}],"predecessor-version":[{"id":10227,"href":"https:\/\/cartagenaaldia.com\/index.php\/wp-json\/wp\/v2\/posts\/10181\/revisions\/10227"}],"wp:featuredmedia":[{"embeddable":true,"href":"https:\/\/cartagenaaldia.com\/index.php\/wp-json\/wp\/v2\/media\/10182"}],"wp:attachment":[{"href":"https:\/\/cartagenaaldia.com\/index.php\/wp-json\/wp\/v2\/media?parent=10181"}],"wp:term":[{"taxonomy":"category","embeddable":true,"href":"https:\/\/cartagenaaldia.com\/index.php\/wp-json\/wp\/v2\/categories?post=10181"},{"taxonomy":"post_tag","embeddable":true,"href":"https:\/\/cartagenaaldia.com\/index.php\/wp-json\/wp\/v2\/tags?post=10181"}],"curies":[{"name":"wp","href":"https:\/\/api.w.org\/{rel}","templated":true}]}}