{"id":10163,"date":"2025-07-14T18:39:51","date_gmt":"2025-07-14T23:39:51","guid":{"rendered":"https:\/\/cartagenaaldia.com\/?p=10163"},"modified":"2025-07-14T18:39:51","modified_gmt":"2025-07-14T23:39:51","slug":"cartagena-de-indias-fashion-week-2025-posiciona-al-caribe-en-la-moda-sostenible","status":"publish","type":"post","link":"https:\/\/cartagenaaldia.com\/index.php\/2025\/07\/14\/cartagena-de-indias-fashion-week-2025-posiciona-al-caribe-en-la-moda-sostenible\/","title":{"rendered":"Cartagena de Indias Fashion Week 2025 posiciona al Caribe en la moda sostenible"},"content":{"rendered":"\n<p><strong>La moda, el estilo y la innovaci\u00f3n regresan a Cartagena con la segunda edici\u00f3n del Cartagena de Indias Fashion Week 2025.<\/strong> Del 17 al 19 de julio, la ciudad ser\u00e1 epicentro del talento creativo del Caribe colombiano, con una propuesta que combina alta costura, emprendimiento local, sostenibilidad e inclusi\u00f3n.<\/p>\n\n\n\n<p><strong>El Palacio de la Proclamaci\u00f3n ser\u00e1 el escenario principal<\/strong> de este encuentro, donde se integrar\u00e1n la cultura, el turismo y el sistema moda en una plataforma que resalta la identidad caribe\u00f1a. Durante tres d\u00edas, <strong>m\u00e1s de 100 modelos nacionales e internacionales desfilar\u00e1n por seis bloques tem\u00e1ticos<\/strong>, que abarcan desde la moda infantil hasta el street fashion, incluyendo una apuesta por el dise\u00f1o consciente y de prop\u00f3sito.<\/p>\n\n\n\n<figure class=\"wp-block-image size-large\"><img fetchpriority=\"high\" decoding=\"async\" width=\"818\" height=\"1024\" src=\"https:\/\/cartagenaaldia.com\/wp-content\/uploads\/2025\/07\/Cartagena-Fashion-Week-2-818x1024.webp\" alt=\"\" class=\"wp-image-10168\"\/><\/figure>\n\n\n\n<p><strong>M\u00e1s de una decena de dise\u00f1adores y marcas emergentes y consolidadas<\/strong> han confirmado su participaci\u00f3n: Paola Perdomo, Zasca Manufactura, KOAJ, Jefryto, Gladys Gonz\u00e1lez, Abelardo, Andr\u00e9 R\u00edos, Mar\u00eda Camila Rinc\u00f3n, Coco (KOKO), Blue Lips y Gregorio El Taller, entre otros. Tambi\u00e9n participar\u00e1n instituciones de formaci\u00f3n como la Instituci\u00f3n Educativa Mar\u00eda Luisa Valencia y la Academia Show Models.<\/p>\n\n\n\n<p><strong>Cada pasarela ser\u00e1 una experiencia sensorial<\/strong>, en la que el arte textil dialoga con la historia de Cartagena y su riqueza arquitect\u00f3nica. La programaci\u00f3n incluir\u00e1 muestras de moda inclusiva y no binaria, expresiones artesanales y propuestas innovadoras que visibilizan el talento joven.<\/p>\n\n\n\n<figure class=\"wp-block-image size-full\"><img decoding=\"async\" width=\"591\" height=\"673\" src=\"https:\/\/cartagenaaldia.com\/wp-content\/uploads\/2025\/07\/Cartagena-Fashion-Week-1.webp\" alt=\"\" class=\"wp-image-10169\"\/><\/figure>\n\n\n\n<p>Adem\u00e1s del componente est\u00e9tico y creativo, el <strong>Cartagena de Indias Fashion Week 2025 incorpora una robusta agenda acad\u00e9mica<\/strong>, con conversatorios, paneles y masterclass centrados en sostenibilidad, circularidad, redes sociales, marca personal y los desaf\u00edos del sector moda en Am\u00e9rica Latina. Estos espacios formativos buscar\u00e1n fortalecer el conocimiento de los actores del ecosistema moda y promover un cambio cultural hacia el consumo responsable.<\/p>\n\n\n\n<p><strong>El evento cuenta con el respaldo institucional de la Gobernaci\u00f3n de Bol\u00edvar, la Alcald\u00eda de Cartagena, Artesan\u00edas de Colombia y MOLA Fashion Week,<\/strong> adem\u00e1s del apoyo de colectivos de dise\u00f1o, universidades y empresas privadas que creen en la transformaci\u00f3n del sistema moda desde una perspectiva m\u00e1s justa, inclusiva y resiliente.<\/p>\n\n\n\n<p><strong>Cartagena de Indias Fashion Week 2025 es m\u00e1s que una vitrina de tendencias: es un manifiesto cultural y econ\u00f3mico.<\/strong> Este evento representa una apuesta por visibilizar el Caribe como territorio de creatividad e innovaci\u00f3n, y por fortalecer una industria que puede generar empleo, identidad y sostenibilidad. La ciudad se consolida as\u00ed como un referente regional de la moda con prop\u00f3sito, donde la historia y el futuro se encuentran en cada puntada.<\/p>\n\n\n\n<div class=\"wp-block-media-text is-stacked-on-mobile is-image-fill-element\"><figure  class=\"wp-block-media-text__media\"><img decoding=\"async\" width=\"1200\" height=\"750\" alt=\"\" src=\"https:\/\/cartagenaaldia.com\/wp-content\/uploads\/2025\/07\/Cartagena-Fashion-Week-.webp\" style=\"object-position:50% 50%;\" class=\"wp-image-10167 size-full\"><\/figure><div class=\"wp-block-media-text__content\">\n<p>Cartagena se viste de moda con la segunda edici\u00f3n del Fashion Week 2025. Del 17 al 19 de julio, el Palacio de la Proclamaci\u00f3n ser\u00e1 testigo del talento del Caribe, con dise\u00f1adores, modelos y marcas que apuestan por la sostenibilidad, la diversidad y el emprendimiento. \u00a1No te lo pierdas!<\/p>\n<\/div><\/div>\n","protected":false},"excerpt":{"rendered":"<p>La moda sostenible y diversa brilla en Cartagena con dise\u00f1adores, modelos y marcas del Caribe<\/p>\n","protected":false},"author":2,"featured_media":10167,"comment_status":"closed","ping_status":"closed","sticky":false,"template":"","format":"standard","meta":{"om_disable_all_campaigns":false,"_monsterinsights_skip_tracking":false,"_monsterinsights_sitenote_active":false,"_monsterinsights_sitenote_note":"","_monsterinsights_sitenote_category":0,"footnotes":""},"categories":[114,102,104],"tags":[784],"class_list":["post-10163","post","type-post","status-publish","format-standard","has-post-thumbnail","hentry","category-entretenimiento","category-generales","category-turismo","tag-cartagena-fashion-week"],"_links":{"self":[{"href":"https:\/\/cartagenaaldia.com\/index.php\/wp-json\/wp\/v2\/posts\/10163","targetHints":{"allow":["GET"]}}],"collection":[{"href":"https:\/\/cartagenaaldia.com\/index.php\/wp-json\/wp\/v2\/posts"}],"about":[{"href":"https:\/\/cartagenaaldia.com\/index.php\/wp-json\/wp\/v2\/types\/post"}],"author":[{"embeddable":true,"href":"https:\/\/cartagenaaldia.com\/index.php\/wp-json\/wp\/v2\/users\/2"}],"replies":[{"embeddable":true,"href":"https:\/\/cartagenaaldia.com\/index.php\/wp-json\/wp\/v2\/comments?post=10163"}],"version-history":[{"count":4,"href":"https:\/\/cartagenaaldia.com\/index.php\/wp-json\/wp\/v2\/posts\/10163\/revisions"}],"predecessor-version":[{"id":10170,"href":"https:\/\/cartagenaaldia.com\/index.php\/wp-json\/wp\/v2\/posts\/10163\/revisions\/10170"}],"wp:featuredmedia":[{"embeddable":true,"href":"https:\/\/cartagenaaldia.com\/index.php\/wp-json\/wp\/v2\/media\/10167"}],"wp:attachment":[{"href":"https:\/\/cartagenaaldia.com\/index.php\/wp-json\/wp\/v2\/media?parent=10163"}],"wp:term":[{"taxonomy":"category","embeddable":true,"href":"https:\/\/cartagenaaldia.com\/index.php\/wp-json\/wp\/v2\/categories?post=10163"},{"taxonomy":"post_tag","embeddable":true,"href":"https:\/\/cartagenaaldia.com\/index.php\/wp-json\/wp\/v2\/tags?post=10163"}],"curies":[{"name":"wp","href":"https:\/\/api.w.org\/{rel}","templated":true}]}}