{"id":10090,"date":"2025-07-07T16:17:37","date_gmt":"2025-07-07T21:17:37","guid":{"rendered":"https:\/\/cartagenaaldia.com\/?p=10090"},"modified":"2025-07-07T16:17:38","modified_gmt":"2025-07-07T21:17:38","slug":"cartagenera-maria-gabriela-baena-clasifico-al-mundial-sub-14-de-tenis-en-europa","status":"publish","type":"post","link":"https:\/\/cartagenaaldia.com\/index.php\/2025\/07\/07\/cartagenera-maria-gabriela-baena-clasifico-al-mundial-sub-14-de-tenis-en-europa\/","title":{"rendered":"Cartagenera Mar\u00eda Gabriela Baena clasific\u00f3 al Mundial Sub-14 de Tenis en Europa"},"content":{"rendered":"\n<p><strong>Mar\u00eda Gabriela Baena, tenista cartagenera de 13 a\u00f1os, brill\u00f3 en el Campeonato Suramericano de Tenis<\/strong> realizado en Salinas, Ecuador, donde el equipo femenino de Colombia <strong>se coron\u00f3 campe\u00f3n tras vencer en la final a Brasil<\/strong>. Este importante triunfo permiti\u00f3 a la delegaci\u00f3n nacional obtener un cupo directo al <strong>Mundial Sub-14<\/strong>, que se disputar\u00e1 en agosto en la Rep\u00fablica Checa.<\/p>\n\n\n\n<p>Gracias a su desempe\u00f1o, Mar\u00eda Gabriela fue seleccionada como parte del equipo colombiano. <strong>Su talento y disciplina la han posicionado entre las seis mejores tenistas del ranking COSAT<\/strong> en la categor\u00eda Sub-14. Este reconocimiento le ha abierto las puertas a una gira europea que iniciar\u00e1 este mi\u00e9rcoles 9 de julio, como antesala al torneo mundial.<\/p>\n\n\n\n<figure class=\"wp-block-image size-large\"><img fetchpriority=\"high\" decoding=\"async\" width=\"1024\" height=\"919\" src=\"https:\/\/cartagenaaldia.com\/wp-content\/uploads\/2025\/07\/Maria-Gabiela-2-1024x919.webp\" alt=\"\" class=\"wp-image-10095\"\/><\/figure>\n\n\n\n<p><strong>La Alcald\u00eda de Cartagena y el IDER respaldan activamente su proceso<\/strong>, reconociendo su proyecci\u00f3n como promesa del deporte cartagenero. La gira internacional de Mar\u00eda Gabriela incluir\u00e1 <strong>dos semanas de competencia en Francia<\/strong>, una semana en Alemania, otra en Holanda y cerrar\u00e1 con el Mundial en Rep\u00fablica Checa.<\/p>\n\n\n\n<p>A su corta edad, <strong>demuestra un car\u00e1cter competitivo admirable, disciplina diaria en sus entrenamientos y una gran madurez emocional<\/strong>. Su preparaci\u00f3n t\u00e9cnica, f\u00edsica y mental ha sido clave para destacarse en escenarios de alto nivel.<\/p>\n\n\n\n<p>Quienes la conocen destacan que es <strong>una jugadora inteligente, estrat\u00e9gica y con un rev\u00e9s implacable<\/strong>, su golpe m\u00e1s fuerte y decisivo en los partidos. Adem\u00e1s, mantiene el control emocional en situaciones adversas, lo que le permite <strong>tomar decisiones acertadas y mantener su rendimiento constante<\/strong>.<\/p>\n\n\n\n<figure class=\"wp-block-image size-large\"><img decoding=\"async\" width=\"1024\" height=\"684\" src=\"https:\/\/cartagenaaldia.com\/wp-content\/uploads\/2025\/07\/Maria-Gabiela-1-1024x684.webp\" alt=\"\" class=\"wp-image-10096\"\/><\/figure>\n\n\n\n<p><strong>Mar\u00eda Gabriela no solo representa a Colombia, tambi\u00e9n es un orgullo para Cartagena<\/strong>, ciudad que la ha visto crecer y evolucionar como atleta. Su participaci\u00f3n internacional es una ventana al mundo para el talento joven local, y <strong>un ejemplo inspirador para otros ni\u00f1os y j\u00f3venes que sue\u00f1an con alcanzar grandes metas deportivas<\/strong>.<\/p>\n\n\n\n<p>La Alcald\u00eda de Cartagena, a trav\u00e9s del Instituto Distrital de Deporte y Recreaci\u00f3n (IDER), <strong>contin\u00faa promoviendo el desarrollo de nuevos talentos hacia el alto rendimiento<\/strong>, reafirmando su compromiso con el deporte formativo y competitivo como una herramienta de transformaci\u00f3n social.<\/p>\n\n\n\n<p>Mar\u00eda Gabriela Baena <strong>representa lo mejor del esp\u00edritu deportivo cartagenero: esfuerzo, pasi\u00f3n y excelencia.<\/strong> Su camino hacia el Mundial Sub-14 refleja el impacto de las pol\u00edticas p\u00fablicas de apoyo al talento joven, y marca el inicio de una carrera internacional prometedora. Desde Cartagena para el mundo, <strong>la raqueta de Mar\u00eda Gabriela ya est\u00e1 haciendo historia.<\/strong><\/p>\n\n\n\n<div class=\"wp-block-media-text is-stacked-on-mobile is-image-fill-element\"><figure  class=\"wp-block-media-text__media\"><img decoding=\"async\" width=\"1200\" height=\"750\" alt=\"\" src=\"https:\/\/cartagenaaldia.com\/wp-content\/uploads\/2025\/07\/Maria-Gabriela-Baena.webp\" style=\"object-position:50% 50%;\" class=\"wp-image-10094 size-full\"><\/figure><div class=\"wp-block-media-text__content\">\n<p>Mar\u00eda Gabriela Baena, tenista cartagenera de 13 a\u00f1os, clasific\u00f3 al Mundial Sub-14 de Tenis tras coronarse campeona con Colombia en el Suramericano de Ecuador. Con el apoyo del IDER y la Alcald\u00eda de Cartagena, iniciar\u00e1 una gira europea antes de representar al pa\u00eds en Rep\u00fablica Checa este agosto.<\/p>\n<\/div><\/div>\n","protected":false},"excerpt":{"rendered":"<p>Tenista cartagenera representar\u00e1 a Colombia en Mundial Sub-14 con apoyo del IDER y Alcald\u00eda<\/p>\n","protected":false},"author":2,"featured_media":10094,"comment_status":"closed","ping_status":"closed","sticky":false,"template":"","format":"standard","meta":{"om_disable_all_campaigns":false,"_monsterinsights_skip_tracking":false,"_monsterinsights_sitenote_active":false,"_monsterinsights_sitenote_note":"","_monsterinsights_sitenote_category":0,"footnotes":""},"categories":[106,102,116],"tags":[275,135],"class_list":["post-10090","post","type-post","status-publish","format-standard","has-post-thumbnail","hentry","category-deporte","category-generales","category-mundo","tag-alcaldia-cartagena","tag-ider"],"_links":{"self":[{"href":"https:\/\/cartagenaaldia.com\/index.php\/wp-json\/wp\/v2\/posts\/10090","targetHints":{"allow":["GET"]}}],"collection":[{"href":"https:\/\/cartagenaaldia.com\/index.php\/wp-json\/wp\/v2\/posts"}],"about":[{"href":"https:\/\/cartagenaaldia.com\/index.php\/wp-json\/wp\/v2\/types\/post"}],"author":[{"embeddable":true,"href":"https:\/\/cartagenaaldia.com\/index.php\/wp-json\/wp\/v2\/users\/2"}],"replies":[{"embeddable":true,"href":"https:\/\/cartagenaaldia.com\/index.php\/wp-json\/wp\/v2\/comments?post=10090"}],"version-history":[{"count":4,"href":"https:\/\/cartagenaaldia.com\/index.php\/wp-json\/wp\/v2\/posts\/10090\/revisions"}],"predecessor-version":[{"id":10097,"href":"https:\/\/cartagenaaldia.com\/index.php\/wp-json\/wp\/v2\/posts\/10090\/revisions\/10097"}],"wp:featuredmedia":[{"embeddable":true,"href":"https:\/\/cartagenaaldia.com\/index.php\/wp-json\/wp\/v2\/media\/10094"}],"wp:attachment":[{"href":"https:\/\/cartagenaaldia.com\/index.php\/wp-json\/wp\/v2\/media?parent=10090"}],"wp:term":[{"taxonomy":"category","embeddable":true,"href":"https:\/\/cartagenaaldia.com\/index.php\/wp-json\/wp\/v2\/categories?post=10090"},{"taxonomy":"post_tag","embeddable":true,"href":"https:\/\/cartagenaaldia.com\/index.php\/wp-json\/wp\/v2\/tags?post=10090"}],"curies":[{"name":"wp","href":"https:\/\/api.w.org\/{rel}","templated":true}]}}